{"id":74740,"date":"2025-02-04T06:36:15","date_gmt":"2025-02-04T12:36:15","guid":{"rendered":"https:\/\/elinformante.mx\/?p=74740"},"modified":"2025-02-04T06:36:17","modified_gmt":"2025-02-04T12:36:17","slug":"gem-anuncia-preinscripciones-en-linea-para-educacion-basica-a-traves-del-said-2025-2026","status":"publish","type":"post","link":"https:\/\/elinformante.mx\/?p=74740","title":{"rendered":"GEM anuncia preinscripciones en l\u00ednea para educaci\u00f3n b\u00e1sica a trav\u00e9s del SAID 2025-2026"},"content":{"rendered":"\n<figure class=\"wp-block-pullquote\"><blockquote><p>El Sistema Anticipado de Inscripci\u00f3n y Distribuci\u00f3n (SAID) funcionar\u00e1 a partir del 10 de febrero al 21 de marzo de 2025, en el portal electr\u00f3nico: https:\/\/edomex.gob.mx<\/p><\/blockquote><\/figure>\n\n\n\n<p class=\"has-drop-cap\">El Gobierno del Estado de M\u00e9xico, a trav\u00e9s de la Secretar\u00eda de Educaci\u00f3n, Ciencia, Tecnolog\u00eda e Innovaci\u00f3n (SECTI), anuncia la apertura del periodo de preinscripciones en l\u00ednea para el ingreso a primero, segundo y tercero de preescolar, primero de primaria y primero de secundaria para el ciclo escolar 2025-2026. El proceso se realizar\u00e1 del 10 de febrero al 21 de marzo a trav\u00e9s del Sistema Anticipado de Inscripci\u00f3n y Distribuci\u00f3n (SAID) en el portal electr\u00f3nico: https:\/\/edomex.gob.mx.<br><\/p>\n\n\n\n<p>Miguel \u00c1ngel Hern\u00e1ndez Espejel, titular de la SECTI, llam\u00f3 a madres, padres y tutores a participar en este proceso, resaltando que es fundamental para garantizar el derecho a la educaci\u00f3n de ni\u00f1as, ni\u00f1os y j\u00f3venes. \u201cPara el Gobierno de la Maestra Delfina G\u00f3mez \u00c1lvarez, la educaci\u00f3n es clave para una vida digna y una sociedad m\u00e1s justa; esta convocatoria refuerza ese compromiso\u201d, expres\u00f3.<br><\/p>\n\n\n\n<p>El Secretario inform\u00f3 que participan todas las escuelas p\u00fablicas de educaci\u00f3n b\u00e1sica en los 125 municipios. Recomend\u00f3 descargar e imprimir la ficha de preinscripci\u00f3n, indispensable para consultar los resultados con folio y CURP.<br><\/p>\n\n\n\n<p>Al ingresar al portal, las madres, padres o tutores deber\u00e1n leer y aceptar los t\u00e9rminos y condiciones sobre el tratamiento de datos personales. Para completar el registro deber\u00e1n contar con la CURP y acta de nacimiento del aspirante, el nombre de cinco escuelas cercanas con su municipio y localidad, informaci\u00f3n disponible en el cat\u00e1logo en l\u00ednea seduc.edomex.gob.mx\/sis\/catalogoct\/, as\u00ed como un correo electr\u00f3nico de contacto.<br><\/p>\n\n\n\n<p>En caso de aspirantes con hermanos gemelos o que ingresen al mismo grado, se deber\u00e1 realizar un tr\u00e1mite por separado para cada uno. Si el aspirante tiene una hermana o hermano en alguna de las escuelas seleccionadas, deber\u00e1 indicarlo en el registro y proporcionar su CURP.<br><\/p>\n\n\n\n<p>Para preescolar, los menores nacidos en 2022 deber\u00e1n tener tres a\u00f1os cumplidos al 31 de diciembre de 2025 para ingresar a primer grado; los nacidos en 2021, cuatro a\u00f1os cumplidos para segundo grado; y los nacidos en 2020, cinco a\u00f1os cumplidos para tercero. Para primaria, el tr\u00e1mite es para ni\u00f1as y ni\u00f1os nacidos en 2019 que cuenten con seis a\u00f1os cumplidos al 31 de diciembre de 2025 como edad m\u00ednima. Para secundaria general o t\u00e9cnica, los aspirantes deber\u00e1n tener como m\u00e1ximo 14 a\u00f1os y dos meses al 31 de diciembre de 2025; para telesecundaria, con m\u00e1ximo 15 a\u00f1os y once meses cumplidos al 31 de diciembre de 2025.<br><\/p>\n\n\n\n<p>El registro se realizar\u00e1 de acuerdo con la letra inicial del primer apellido del aspirante. Para preescolar, las fechas ser\u00e1n del 10 al 21 de febrero; para primaria, del 24 de febrero al 7 de marzo; y para secundaria, del 10 al 21 de marzo. Las y los alumnos que actualmente cursan primer o segundo grado de preescolar y desean permanecer en la misma escuela no deben realizar el tr\u00e1mite en l\u00ednea. Tambi\u00e9n se considerar\u00e1n criterios como el tener una hermana o hermano en alguna de las escuelas seleccionadas y la colonia o localidad reportada como domicilio.<br><\/p>\n\n\n\n<p>Los resultados de la preinscripci\u00f3n se publicar\u00e1n el 3 de agosto de 2025 en https:\/\/edomex.gob.mx, y el 4 de agosto en las escuelas participantes. Al elegir una escuela, el aspirante podr\u00e1 ser asignado al turno matutino o vespertino de acuerdo con la disponibilidad y demanda. El turno vespertino no est\u00e1 garantizado y proporcionar informaci\u00f3n falsa puede anular la preinscripci\u00f3n. Mientras menos opciones de escuela se elijan, mayores ser\u00e1n las probabilidades de asignaci\u00f3n en una no solicitada.<br><\/p>\n\n\n\n<p>Para m\u00e1s informaci\u00f3n se pueden comunicar al Centro de Atenci\u00f3n Telef\u00f3nica del Gobierno del Estado de M\u00e9xico (CATGEM): 800-696-9696; al Departamento de Informaci\u00f3n o Sistemas: 722-214-7258 y 722-167-0473 o bien escribir a los correos electr\u00f3nicos del subsistema estatal: said.preescolar@edugem.gob.mx, said.primaria@edugem.gob.mx y said.secundaria@edugem.gob.mx.<\/p>\n","protected":false},"excerpt":{"rendered":"<p>El Sistema Anticipado de Inscripci\u00f3n y Distribuci\u00f3n (SAID) funcionar\u00e1 a partir del 10 de febrero al 21 de marzo de 2025, en el portal electr\u00f3nico: https:\/\/edomex.gob.mx El Gobierno del Estado de M\u00e9xico, a trav\u00e9s de la Secretar\u00eda de Educaci\u00f3n, Ciencia, Tecnolog\u00eda e Innovaci\u00f3n (SECTI), anuncia la apertura del periodo de preinscripciones en l\u00ednea para el [&hellip;]<\/p>\n","protected":false},"author":1,"featured_media":74741,"comment_status":"closed","ping_status":"closed","sticky":false,"template":"","format":"standard","meta":{"footnotes":""},"categories":[36],"tags":[],"class_list":["post-74740","post","type-post","status-publish","format-standard","has-post-thumbnail","hentry","category-edomex"],"_links":{"self":[{"href":"https:\/\/elinformante.mx\/index.php?rest_route=\/wp\/v2\/posts\/74740","targetHints":{"allow":["GET"]}}],"collection":[{"href":"https:\/\/elinformante.mx\/index.php?rest_route=\/wp\/v2\/posts"}],"about":[{"href":"https:\/\/elinformante.mx\/index.php?rest_route=\/wp\/v2\/types\/post"}],"author":[{"embeddable":true,"href":"https:\/\/elinformante.mx\/index.php?rest_route=\/wp\/v2\/users\/1"}],"replies":[{"embeddable":true,"href":"https:\/\/elinformante.mx\/index.php?rest_route=%2Fwp%2Fv2%2Fcomments&post=74740"}],"version-history":[{"count":0,"href":"https:\/\/elinformante.mx\/index.php?rest_route=\/wp\/v2\/posts\/74740\/revisions"}],"wp:featuredmedia":[{"embeddable":true,"href":"https:\/\/elinformante.mx\/index.php?rest_route=\/wp\/v2\/media\/74741"}],"wp:attachment":[{"href":"https:\/\/elinformante.mx\/index.php?rest_route=%2Fwp%2Fv2%2Fmedia&parent=74740"}],"wp:term":[{"taxonomy":"category","embeddable":true,"href":"https:\/\/elinformante.mx\/index.php?rest_route=%2Fwp%2Fv2%2Fcategories&post=74740"},{"taxonomy":"post_tag","embeddable":true,"href":"https:\/\/elinformante.mx\/index.php?rest_route=%2Fwp%2Fv2%2Ftags&post=74740"}],"curies":[{"name":"wp","href":"https:\/\/api.w.org\/{rel}","templated":true}]}}