{"id":75026,"date":"2025-02-07T05:54:21","date_gmt":"2025-02-07T11:54:21","guid":{"rendered":"https:\/\/elinformante.mx\/?p=75026"},"modified":"2025-02-07T05:54:23","modified_gmt":"2025-02-07T11:54:23","slug":"vinculan-a-proceso-a-daniel-n-por-el-delito-de-extorsion","status":"publish","type":"post","link":"https:\/\/elinformante.mx\/?p=75026","title":{"rendered":"Vinculan a proceso a Daniel \u201cN\u201d por el delito de extorsi\u00f3n"},"content":{"rendered":"\n<figure class=\"wp-block-pullquote\"><blockquote><p>El detenido habr\u00eda exigido dinero a un comerciante a cambio de no causarle da\u00f1o.<\/p><\/blockquote><\/figure>\n\n\n\n<p class=\"has-drop-cap\">La FGJEM obtuvo vinculaci\u00f3n a proceso en contra de Daniel \u201cN\u201d, quien es investigado por su probable intervenci\u00f3n en el delito de extorsi\u00f3n en agravio del due\u00f1o de un negocio de venta de pollo, en el municipio de Nicol\u00e1s Romero.<br><\/p>\n\n\n\n<p>La Autoridad Judicial determin\u00f3 iniciar proceso legal contra este individuo, adem\u00e1s estableci\u00f3 plazo de 30 d\u00edas para el cierre de investigaci\u00f3n complementaria y medida cautelar de prisi\u00f3n preventiva justificada.<br><\/p>\n\n\n\n<p>El pasado 28 de enero el ahora detenido se present\u00f3 en un negocio destinado a la venta de pollo, ubicado en Avenida Emiliano Zapata, colonia El Tr\u00e1fico, en el municipio de Nicol\u00e1s Romero, donde habr\u00eda exigido al due\u00f1o del establecimiento una suma econ\u00f3mica a cambio de dejarlo trabajar y no causarle da\u00f1o.<br><\/p>\n\n\n\n<p>La Instituci\u00f3n precis\u00f3 que el probable implicado habr\u00eda amagado con un objeto punzocortante a la v\u00edctima como medida de intimidaci\u00f3n, por ello la persona afectada le entreg\u00f3 numerario.<br><\/p>\n\n\n\n<p>Daniel \u201cN\u201d, luego de que habr\u00eda recibido el dinero producto de la extorsi\u00f3n intent\u00f3 huir, no obstante, fue detenido por elementos de la Direcci\u00f3n de Seguridad P\u00fablica y Tr\u00e1nsito Municipal de Nicol\u00e1s Romero, quienes lo presentaron ante el Agente del Ministerio P\u00fablico.<br><\/p>\n\n\n\n<p>Posteriormente, fue ingresado al Centro Penitenciario y de Reinserci\u00f3n Social Lic. Juan Fern\u00e1ndez Albarr\u00e1n en Tlalnepantla, a disposici\u00f3n de la Autoridad Judicial, quien lo vincul\u00f3 a proceso<\/p>\n","protected":false},"excerpt":{"rendered":"<p>El detenido habr\u00eda exigido dinero a un comerciante a cambio de no causarle da\u00f1o. La FGJEM obtuvo vinculaci\u00f3n a proceso en contra de Daniel \u201cN\u201d, quien es investigado por su probable intervenci\u00f3n en el delito de extorsi\u00f3n en agravio del due\u00f1o de un negocio de venta de pollo, en el municipio de Nicol\u00e1s Romero. La [&hellip;]<\/p>\n","protected":false},"author":1,"featured_media":75027,"comment_status":"closed","ping_status":"closed","sticky":false,"template":"","format":"standard","meta":{"footnotes":""},"categories":[36,37],"tags":[],"class_list":["post-75026","post","type-post","status-publish","format-standard","has-post-thumbnail","hentry","category-edomex","category-justicia"],"_links":{"self":[{"href":"https:\/\/elinformante.mx\/index.php?rest_route=\/wp\/v2\/posts\/75026","targetHints":{"allow":["GET"]}}],"collection":[{"href":"https:\/\/elinformante.mx\/index.php?rest_route=\/wp\/v2\/posts"}],"about":[{"href":"https:\/\/elinformante.mx\/index.php?rest_route=\/wp\/v2\/types\/post"}],"author":[{"embeddable":true,"href":"https:\/\/elinformante.mx\/index.php?rest_route=\/wp\/v2\/users\/1"}],"replies":[{"embeddable":true,"href":"https:\/\/elinformante.mx\/index.php?rest_route=%2Fwp%2Fv2%2Fcomments&post=75026"}],"version-history":[{"count":0,"href":"https:\/\/elinformante.mx\/index.php?rest_route=\/wp\/v2\/posts\/75026\/revisions"}],"wp:featuredmedia":[{"embeddable":true,"href":"https:\/\/elinformante.mx\/index.php?rest_route=\/wp\/v2\/media\/75027"}],"wp:attachment":[{"href":"https:\/\/elinformante.mx\/index.php?rest_route=%2Fwp%2Fv2%2Fmedia&parent=75026"}],"wp:term":[{"taxonomy":"category","embeddable":true,"href":"https:\/\/elinformante.mx\/index.php?rest_route=%2Fwp%2Fv2%2Fcategories&post=75026"},{"taxonomy":"post_tag","embeddable":true,"href":"https:\/\/elinformante.mx\/index.php?rest_route=%2Fwp%2Fv2%2Ftags&post=75026"}],"curies":[{"name":"wp","href":"https:\/\/api.w.org\/{rel}","templated":true}]}}