{"id":75029,"date":"2025-02-07T05:55:16","date_gmt":"2025-02-07T11:55:16","guid":{"rendered":"https:\/\/elinformante.mx\/?p=75029"},"modified":"2025-02-07T05:55:19","modified_gmt":"2025-02-07T11:55:19","slug":"condenan-a-sujeto-a-47-anos-de-prision-por-un-homicidio-ocurrido-en-ecatepec","status":"publish","type":"post","link":"https:\/\/elinformante.mx\/?p=75029","title":{"rendered":"Condenan a sujeto a 47 a\u00f1os de prisi\u00f3n por un homicidio ocurrido en Ecatepec"},"content":{"rendered":"\n<figure class=\"wp-block-pullquote\"><blockquote><p>El il\u00edcito fue perpetrado el 10 de enero de 2024, cuando el ahora sentenciado le dispar\u00f3 con un arma de fuego a un hombre, lo que deriv\u00f3 en su muerte.<\/p><\/blockquote><\/figure>\n\n\n\n<p class=\"has-drop-cap\">La FGJEM acredit\u00f3 la intervenci\u00f3n de Erick Jair Romero Arenas en el hecho delictivo de homicidio calificado en agravio de un hombre en el municipio Ecatepec, por lo que fue sentenciado a 47 a\u00f1os y 6 meses de prisi\u00f3n.<br><\/p>\n\n\n\n<p>La Autoridad Judicial luego de revisar las pruebas recabadas, aportadas y expuestas por el Ministerio P\u00fablico emiti\u00f3 esta sentencia de condena para este sujeto, adem\u00e1s le fij\u00f3 multa de 184 mil 138 pesos y 227 mil 190 pesos como pago por concepto de reparaci\u00f3n del da\u00f1o moral y material.<br><\/p>\n\n\n\n<p>Erick Jair Romero Arenas fue encontrado responsable por hechos perpetrados el 10 de enero de 2024, cuando priv\u00f3 de la vida a un masculino por disparo de arma de fuego. Estos hechos tuvieron lugar en la avenida de las Bombas, en la colonia 19 de septiembre, donde la v\u00edctima y otra persona se encontraban a bordo de un veh\u00edculo marca Chevrolet, tipo Astra.<br><\/p>\n\n\n\n<p>Al lugar arrib\u00f3 el ahora sentenciado y otro individuo a bordo de una motocicleta. Erick Jair Romero Arenas alias \u201cYeti\u201d se acerc\u00f3 al veh\u00edculo Astra y al tener a la vista a la v\u00edctima le dispar\u00f3 con un arma de fuego.<br><\/p>\n\n\n\n<p>Tras haber perpetrado esta agresi\u00f3n, ambos individuos huyeron a bordo de la motocicleta. La v\u00edctima fue trasladada a un hospital de la zona para recibir atenci\u00f3n m\u00e9dica, sin embargo, falleci\u00f3 derivado de las lesiones que present\u00f3.<br><\/p>\n\n\n\n<p>El Agente del Ministerio P\u00fablico inici\u00f3 la indagatoria correspondiente y fue posible identificar y detener al responsable, mismos que fue ingresado al Centro Penitenciario y de Reinserci\u00f3n Social de Ecatepec, a disposici\u00f3n de la Autoridad Judicial, quien tras proceso legal, le dict\u00f3 la sentencia referida, en tanto que suspendi\u00f3 sus deberes civiles y pol\u00edticos.<\/p>\n","protected":false},"excerpt":{"rendered":"<p>El il\u00edcito fue perpetrado el 10 de enero de 2024, cuando el ahora sentenciado le dispar\u00f3 con un arma de fuego a un hombre, lo que deriv\u00f3 en su muerte. La FGJEM acredit\u00f3 la intervenci\u00f3n de Erick Jair Romero Arenas en el hecho delictivo de homicidio calificado en agravio de un hombre en el municipio [&hellip;]<\/p>\n","protected":false},"author":1,"featured_media":75030,"comment_status":"closed","ping_status":"closed","sticky":false,"template":"","format":"standard","meta":{"footnotes":""},"categories":[36,37],"tags":[],"class_list":["post-75029","post","type-post","status-publish","format-standard","has-post-thumbnail","hentry","category-edomex","category-justicia"],"_links":{"self":[{"href":"https:\/\/elinformante.mx\/index.php?rest_route=\/wp\/v2\/posts\/75029","targetHints":{"allow":["GET"]}}],"collection":[{"href":"https:\/\/elinformante.mx\/index.php?rest_route=\/wp\/v2\/posts"}],"about":[{"href":"https:\/\/elinformante.mx\/index.php?rest_route=\/wp\/v2\/types\/post"}],"author":[{"embeddable":true,"href":"https:\/\/elinformante.mx\/index.php?rest_route=\/wp\/v2\/users\/1"}],"replies":[{"embeddable":true,"href":"https:\/\/elinformante.mx\/index.php?rest_route=%2Fwp%2Fv2%2Fcomments&post=75029"}],"version-history":[{"count":0,"href":"https:\/\/elinformante.mx\/index.php?rest_route=\/wp\/v2\/posts\/75029\/revisions"}],"wp:featuredmedia":[{"embeddable":true,"href":"https:\/\/elinformante.mx\/index.php?rest_route=\/wp\/v2\/media\/75030"}],"wp:attachment":[{"href":"https:\/\/elinformante.mx\/index.php?rest_route=%2Fwp%2Fv2%2Fmedia&parent=75029"}],"wp:term":[{"taxonomy":"category","embeddable":true,"href":"https:\/\/elinformante.mx\/index.php?rest_route=%2Fwp%2Fv2%2Fcategories&post=75029"},{"taxonomy":"post_tag","embeddable":true,"href":"https:\/\/elinformante.mx\/index.php?rest_route=%2Fwp%2Fv2%2Ftags&post=75029"}],"curies":[{"name":"wp","href":"https:\/\/api.w.org\/{rel}","templated":true}]}}