{"id":75048,"date":"2025-02-07T06:27:51","date_gmt":"2025-02-07T12:27:51","guid":{"rendered":"https:\/\/elinformante.mx\/?p=75048"},"modified":"2025-02-07T06:27:53","modified_gmt":"2025-02-07T12:27:53","slug":"anuncian-jornada-de-salud-en-zinacantepec","status":"publish","type":"post","link":"https:\/\/elinformante.mx\/?p=75048","title":{"rendered":"Anuncian Jornada de Salud en Zinacantepec"},"content":{"rendered":"\n<figure class=\"wp-block-pullquote\"><blockquote><p>Adem\u00e1s tambi\u00e9n se llevar\u00e1 a cabo una funci\u00f3n de lucha libre gratuita para deleite de los pobladores.<\/p><\/blockquote><\/figure>\n\n\n\n<p class=\"has-drop-cap\">Se prepara el municipio de Zinacantepec para una jornada especial por el bienestar y entretenimiento de sus habitantes, con dos eventos gratuitos que prometen ser de gran impacto en la comunidad.<br><\/p>\n\n\n\n<p>Sum\u00e1ndose al compromiso con la salud p\u00fablica, las autoridades locales han organizado una Jornada de Salud para la primera semana de febrero, ofreciendo diferentes servicios de manera gratuita y personalizada.<br><\/p>\n\n\n\n<p>Se busca fomentar el bienestar de la poblaci\u00f3n, brindando atenci\u00f3n a quienes m\u00e1s lo necesitan y promoviendo la prevenci\u00f3n de enfermedades entre los mexiquenses.<br><\/p>\n\n\n\n<p>Adem\u00e1s de la jornada m\u00e9dica, los habitantes as\u00ed como los visitantes podr\u00e1n disfrutar de un emocionante evento de lucha libre, donde luchadores profesionales se enfrentar\u00e1n en el cuadril\u00e1tero para ofrecer un espect\u00e1culo lleno de adrenalina y emoci\u00f3n, as\u00ed que, si no tienes planes, este evento gratuito es para ti.<br><\/p>\n\n\n\n<p>Las autoridades municipales han indicado que las actividades se realizar\u00e1n el viernes 7 y s\u00e1bado 8 de febrero, extendiendo una invitaci\u00f3n a toda la comunidad para que aproveche ambos eventos, destacando que se llevar\u00e1n a cabo en un ambiente seguro, organizado y familiar.<br><\/p>\n\n\n\n<figure class=\"wp-block-image size-large\"><img fetchpriority=\"high\" decoding=\"async\" width=\"1024\" height=\"506\" src=\"https:\/\/elinformante.mx\/wp-content\/uploads\/2025\/02\/11ZINA-1-1024x506.jpg\" alt=\"\" class=\"wp-image-75050\" srcset=\"https:\/\/elinformante.mx\/wp-content\/uploads\/2025\/02\/11ZINA-1-1024x506.jpg 1024w, https:\/\/elinformante.mx\/wp-content\/uploads\/2025\/02\/11ZINA-1-300x148.jpg 300w, https:\/\/elinformante.mx\/wp-content\/uploads\/2025\/02\/11ZINA-1-768x379.jpg 768w, https:\/\/elinformante.mx\/wp-content\/uploads\/2025\/02\/11ZINA-1.jpg 1140w\" sizes=\"(max-width: 1024px) 100vw, 1024px\" \/><\/figure>\n\n\n\n<p>La combinaci\u00f3n de salud y diversi\u00f3n, promete convertir esta jornada en una experiencia \u00fanica para las familias de Zinacantepec, reafirmando el compromiso del municipio con el bienestar y el entretenimiento.<br><\/p>\n\n\n\n<p>Cabe destacar que la jornada de salud ser\u00e1 exclusivo para los habitantes del municipio, mientras que el evento de lucha libre para el p\u00fablico en general.<br><\/p>\n\n\n\n<p>Ser\u00e1 a partir de las 9:00 a las 18:00 horas que se llevar\u00e1 a cabo la jornada este viernes 7 de febrero, donde se ofrecer\u00e1n de manera gratuita los servicios de:<\/p>\n\n\n\n<ul class=\"wp-block-list\">\n<li>Consulta m\u00e9dica<\/li>\n\n\n\n<li>Servicios de psicolog\u00eda<\/li>\n\n\n\n<li>Aplicaci\u00f3n de vacunas<\/li>\n\n\n\n<li>Asesor\u00eda legal<\/li>\n\n\n\n<li>Material did\u00e1ctico para discapacidad<\/li>\n\n\n\n<li>Pruebas para c\u00e1ncer de pr\u00f3stata<\/li>\n\n\n\n<li>Maquinaria de prevenci\u00f3n y correcci\u00f3n de c\u00e1ncer<\/li>\n\n\n\n<li>Donaci\u00f3n de pelucas oncol\u00f3gicas<\/li>\n<\/ul>\n\n\n\n<p>Mientras que para el s\u00e1bado 8 de febrero, se invita a la poblaci\u00f3n en general a disfrutar de la funci\u00f3n de lucha libre gratuita a partir de las 16:30 horas, en donde podr\u00e1s disfrutar de una lucha semifinal de lujo entre:<\/p>\n\n\n\n<ul class=\"wp-block-list\">\n<li>Drag\u00f3n de Fuego\/ Rey Morin VS \u00daltimo Profeta\/ Matanza<\/li>\n\n\n\n<li>Crotalus VS Prejuicio<\/li>\n\n\n\n<li>Estrella 3000 Kenmar VS Volter Peque\u00f1o Marino<\/li>\n\n\n\n<li>Rey Piscis\/ Boomerang VS Fuego JR\/ Zebra JR<\/li>\n<\/ul>\n","protected":false},"excerpt":{"rendered":"<p>Adem\u00e1s tambi\u00e9n se llevar\u00e1 a cabo una funci\u00f3n de lucha libre gratuita para deleite de los pobladores. Se prepara el municipio de Zinacantepec para una jornada especial por el bienestar y entretenimiento de sus habitantes, con dos eventos gratuitos que prometen ser de gran impacto en la comunidad. Sum\u00e1ndose al compromiso con la salud p\u00fablica, [&hellip;]<\/p>\n","protected":false},"author":1,"featured_media":75049,"comment_status":"closed","ping_status":"closed","sticky":false,"template":"","format":"standard","meta":{"footnotes":""},"categories":[30,36],"tags":[],"class_list":["post-75048","post","type-post","status-publish","format-standard","has-post-thumbnail","hentry","category-destacado","category-edomex"],"_links":{"self":[{"href":"https:\/\/elinformante.mx\/index.php?rest_route=\/wp\/v2\/posts\/75048","targetHints":{"allow":["GET"]}}],"collection":[{"href":"https:\/\/elinformante.mx\/index.php?rest_route=\/wp\/v2\/posts"}],"about":[{"href":"https:\/\/elinformante.mx\/index.php?rest_route=\/wp\/v2\/types\/post"}],"author":[{"embeddable":true,"href":"https:\/\/elinformante.mx\/index.php?rest_route=\/wp\/v2\/users\/1"}],"replies":[{"embeddable":true,"href":"https:\/\/elinformante.mx\/index.php?rest_route=%2Fwp%2Fv2%2Fcomments&post=75048"}],"version-history":[{"count":0,"href":"https:\/\/elinformante.mx\/index.php?rest_route=\/wp\/v2\/posts\/75048\/revisions"}],"wp:featuredmedia":[{"embeddable":true,"href":"https:\/\/elinformante.mx\/index.php?rest_route=\/wp\/v2\/media\/75049"}],"wp:attachment":[{"href":"https:\/\/elinformante.mx\/index.php?rest_route=%2Fwp%2Fv2%2Fmedia&parent=75048"}],"wp:term":[{"taxonomy":"category","embeddable":true,"href":"https:\/\/elinformante.mx\/index.php?rest_route=%2Fwp%2Fv2%2Fcategories&post=75048"},{"taxonomy":"post_tag","embeddable":true,"href":"https:\/\/elinformante.mx\/index.php?rest_route=%2Fwp%2Fv2%2Ftags&post=75048"}],"curies":[{"name":"wp","href":"https:\/\/api.w.org\/{rel}","templated":true}]}}