{"id":75052,"date":"2025-02-07T06:29:42","date_gmt":"2025-02-07T12:29:42","guid":{"rendered":"https:\/\/elinformante.mx\/?p=75052"},"modified":"2025-02-07T06:29:44","modified_gmt":"2025-02-07T12:29:44","slug":"inicia-gem-recepcion-de-cedulas-de-operacion-integral-para-medir-emisiones-de-contaminantes-en-el-edomex","status":"publish","type":"post","link":"https:\/\/elinformante.mx\/?p=75052","title":{"rendered":"Inicia GEM recepci\u00f3n de C\u00e9dulas de Operaci\u00f3n Integral para medir emisiones de contaminantes en el Edom\u00e9x"},"content":{"rendered":"\n<figure class=\"wp-block-pullquote\"><blockquote><p>Su finalidad es permitir un monitoreo adecuado de las actividades de establecimientos que generen emisiones a la atm\u00f3sfera, ruido, residuos de manejo especial o aguas residuales.<\/p><\/blockquote><\/figure>\n\n\n\n<p class=\"has-drop-cap\">Con el prop\u00f3sito de garantizar el cumplimiento de las normativas ambientales y fomentar pr\u00e1cticas sostenibles en los sectores industriales, comerciales y de servicios, la Secretar\u00eda del Medio Ambiente y Desarrollo Sostenible (SMAyDS) inici\u00f3 la recepci\u00f3n de la C\u00e9dula de Operaci\u00f3n Integral (COI), tr\u00e1mite que permite actualizar los inventarios de emisiones a la atm\u00f3sfera de car\u00e1cter estatal y promover la protecci\u00f3n ambiental.<br><\/p>\n\n\n\n<p>Este documento detalla las emisiones de contaminantes a la atm\u00f3sfera, los residuos generados y las descargas de agua residual de los establecimientos clasificados como Fuentes Fijas de Jurisdicci\u00f3n Estatal; asimismo, indica que, su finalidad es permitir un monitoreo adecuado de las actividades contaminantes y asegurar el cumplimiento de las leyes en materia ambiental.<br><\/p>\n\n\n\n<p>La COI aplica para establecimientos que generen emisiones a la atm\u00f3sfera, ruido, residuos de manejo especial o aguas residuales, as\u00ed como quienes emitan una o m\u00e1s toneladas de gases de efecto invernadero al a\u00f1o.<br><\/p>\n\n\n\n<p>La recepci\u00f3n de la COI deber\u00e1 realizarse durante febrero; en caso de realizarlo en l\u00ednea, el solicitante tiene un plazo de tres d\u00edas h\u00e1biles para presentar f\u00edsicamente el acuse electr\u00f3nico junto con la documentaci\u00f3n complementaria en la Ventanilla \u00danica de Tr\u00e1mites Empresariales.<br><\/p>\n\n\n\n<p>Para completar el proceso, los solicitantes deber\u00e1n presentar el formato de la COI para Fuentes Fijas de Jurisdicci\u00f3n Estatal, diagrama de flujo y descripci\u00f3n del proceso o la actividad, resumen de resultados de los informes de emisiones contaminantes del a\u00f1o anterior, memoria de c\u00e1lculo anual de cada una de las emisiones generadas en el a\u00f1o inmediato anterior, croquis de ubicaci\u00f3n.<br><\/p>\n\n\n\n<p>As\u00ed como la licencia de funcionamiento (Registro de emisiones a la atm\u00f3sfera), resumen de los residuos de manejo especial, an\u00e1lisis de agua residual, generaci\u00f3n de residuos de manejo especial, gases de efecto invernadero y un respaldo de la informaci\u00f3n en una memoria USB.<br><\/p>\n\n\n\n<p>Si la gesti\u00f3n de la documentaci\u00f3n se realiza de manera presencial, se deber\u00e1 acudir a las oficinas de la Direcci\u00f3n General de Control de Emisiones Atmosf\u00e9ricas (DGCEA), de lunes a viernes, de 9:00 a 15:00 horas, ubicadas en:<\/p>\n\n\n\n<ul class=\"wp-block-list\">\n<li>Toluca-Urawa: Urawa 100, Izcalli IPIEM, Toluca, M\u00e9xico.<\/li>\n\n\n\n<li>Tlalnepantla: Av. Gustavo Baz 2160, La Loma, Tlalnepantla, M\u00e9xico.<\/li>\n<\/ul>\n\n\n\n<p>Para llevar a cabo el proceso en l\u00ednea se deber\u00e1 acceder al portal de tr\u00e1mites empresariales: http:\/\/187.188.85.202:8090\/PortalTramites, para ello es necesario registrar una cuenta y realizar el alta de las fuentes fijas, posteriormente se tendr\u00e1 que completar la captura de informaci\u00f3n y adjuntar los documentos requeridos en formato PDF.<br><\/p>\n\n\n\n<p>Es importante imprimir el acuse electr\u00f3nico y presentarlo en la ventanilla \u00fanica antes mencionada.<br><\/p>\n\n\n\n<p>Para m\u00e1s informaci\u00f3n, est\u00e1 disponible el sitio https:\/\/retys.edomex.gob.mx\/cedulainfo\/877?# o puede comunicarse al tel\u00e9fono 55-53-66-82-91.<\/p>\n","protected":false},"excerpt":{"rendered":"<p>Su finalidad es permitir un monitoreo adecuado de las actividades de establecimientos que generen emisiones a la atm\u00f3sfera, ruido, residuos de manejo especial o aguas residuales. Con el prop\u00f3sito de garantizar el cumplimiento de las normativas ambientales y fomentar pr\u00e1cticas sostenibles en los sectores industriales, comerciales y de servicios, la Secretar\u00eda del Medio Ambiente y [&hellip;]<\/p>\n","protected":false},"author":1,"featured_media":75053,"comment_status":"closed","ping_status":"closed","sticky":false,"template":"","format":"standard","meta":{"footnotes":""},"categories":[36],"tags":[],"class_list":["post-75052","post","type-post","status-publish","format-standard","has-post-thumbnail","hentry","category-edomex"],"_links":{"self":[{"href":"https:\/\/elinformante.mx\/index.php?rest_route=\/wp\/v2\/posts\/75052","targetHints":{"allow":["GET"]}}],"collection":[{"href":"https:\/\/elinformante.mx\/index.php?rest_route=\/wp\/v2\/posts"}],"about":[{"href":"https:\/\/elinformante.mx\/index.php?rest_route=\/wp\/v2\/types\/post"}],"author":[{"embeddable":true,"href":"https:\/\/elinformante.mx\/index.php?rest_route=\/wp\/v2\/users\/1"}],"replies":[{"embeddable":true,"href":"https:\/\/elinformante.mx\/index.php?rest_route=%2Fwp%2Fv2%2Fcomments&post=75052"}],"version-history":[{"count":0,"href":"https:\/\/elinformante.mx\/index.php?rest_route=\/wp\/v2\/posts\/75052\/revisions"}],"wp:featuredmedia":[{"embeddable":true,"href":"https:\/\/elinformante.mx\/index.php?rest_route=\/wp\/v2\/media\/75053"}],"wp:attachment":[{"href":"https:\/\/elinformante.mx\/index.php?rest_route=%2Fwp%2Fv2%2Fmedia&parent=75052"}],"wp:term":[{"taxonomy":"category","embeddable":true,"href":"https:\/\/elinformante.mx\/index.php?rest_route=%2Fwp%2Fv2%2Fcategories&post=75052"},{"taxonomy":"post_tag","embeddable":true,"href":"https:\/\/elinformante.mx\/index.php?rest_route=%2Fwp%2Fv2%2Ftags&post=75052"}],"curies":[{"name":"wp","href":"https:\/\/api.w.org\/{rel}","templated":true}]}}