{"id":75058,"date":"2025-02-07T06:34:30","date_gmt":"2025-02-07T12:34:30","guid":{"rendered":"https:\/\/elinformante.mx\/?p=75058"},"modified":"2025-02-07T06:38:18","modified_gmt":"2025-02-07T12:38:18","slug":"firman-edomex-y-canada-convenio-para-mejorar-las-condiciones-laborales-de-trabajadores-agricolas","status":"publish","type":"post","link":"https:\/\/elinformante.mx\/?p=75058","title":{"rendered":"Firman Edom\u00e9x y Canad\u00e1 convenio para mejorar las condiciones laborales de trabajadores agr\u00edcolas"},"content":{"rendered":"\n<figure class=\"wp-block-pullquote\"><blockquote><p>El objetivo es mantener un movimiento migratorio de manera regulada, procurando la vinculaci\u00f3n y movilidad dentro del Programa de Trabajadores Agr\u00edcolas Temporales M\u00e9xico\u2013Canad\u00e1.<\/p><\/blockquote><\/figure>\n\n\n\n<p class=\"has-drop-cap\">Con la finalidad de mejorar las condiciones laborales de trabajadores agr\u00edcolas mexiquenses, la Secretar\u00eda del Trabajo del Gobierno del Estado de M\u00e9xico y el Sindicato de Trabajadores de la Industria de la Alimentaci\u00f3n y el Comercio de Canad\u00e1 (United Food Commercial Workers of Canada) firmaron un convenio de colaboraci\u00f3n para la protecci\u00f3n y el bienestar de quienes buscan una oportunidad laboral en ese pa\u00eds.<br><\/p>\n\n\n\n<p>Con este acuerdo se pretende mantener un movimiento migratorio de trabajadores de manera regulada y eficiente, procurando la vinculaci\u00f3n y movilidad dentro del Programa de Trabajadores Agr\u00edcolas Temporales M\u00e9xico \u2013 Canad\u00e1 (PTAT).<br><\/p>\n\n\n\n<p>Norberto Morales Poblete, Secretario del Trabajo estatal, destac\u00f3 que es necesario reafirmar el compromiso con la dignidad de los trabajadores, quienes contribuyen de manera significativa al desarrollo de ambos pa\u00edses.<br><\/p>\n\n\n\n<p>\u201cEl Estado de M\u00e9xico, bajo el liderazgo de la Gobernadora Delfina G\u00f3mez \u00c1lvarez, asume con responsabilidad la defensa de nuestros trabajadores que, por necesidad, salen a laborar en el extranjero\u201d, expres\u00f3 Norberto Morales Poblete, quien adem\u00e1s reiter\u00f3 el compromiso de no permitir que la migraci\u00f3n laboral sea sin\u00f3nimo de explotaci\u00f3n.<br><\/p>\n\n\n\n<p>Pedro Godoy, Director Regional para las provincias del Oeste de Canad\u00e1 y para Am\u00e9rica Latina y M\u00e9xico de UFCW Canad\u00e1, manifest\u00f3 la importancia de cumplir con el objetivo de garantizar mejores condiciones laborales para los mexiquenses que participan en el PTAT, promoviendo sus derechos y brindando mayor protecci\u00f3n en su desarrollo laboral.<\/p>\n","protected":false},"excerpt":{"rendered":"<p>El objetivo es mantener un movimiento migratorio de manera regulada, procurando la vinculaci\u00f3n y movilidad dentro del Programa de Trabajadores Agr\u00edcolas Temporales M\u00e9xico\u2013Canad\u00e1. Con la finalidad de mejorar las condiciones laborales de trabajadores agr\u00edcolas mexiquenses, la Secretar\u00eda del Trabajo del Gobierno del Estado de M\u00e9xico y el Sindicato de Trabajadores de la Industria de la [&hellip;]<\/p>\n","protected":false},"author":1,"featured_media":75059,"comment_status":"closed","ping_status":"closed","sticky":false,"template":"","format":"standard","meta":{"footnotes":""},"categories":[36],"tags":[],"class_list":["post-75058","post","type-post","status-publish","format-standard","has-post-thumbnail","hentry","category-edomex"],"_links":{"self":[{"href":"https:\/\/elinformante.mx\/index.php?rest_route=\/wp\/v2\/posts\/75058","targetHints":{"allow":["GET"]}}],"collection":[{"href":"https:\/\/elinformante.mx\/index.php?rest_route=\/wp\/v2\/posts"}],"about":[{"href":"https:\/\/elinformante.mx\/index.php?rest_route=\/wp\/v2\/types\/post"}],"author":[{"embeddable":true,"href":"https:\/\/elinformante.mx\/index.php?rest_route=\/wp\/v2\/users\/1"}],"replies":[{"embeddable":true,"href":"https:\/\/elinformante.mx\/index.php?rest_route=%2Fwp%2Fv2%2Fcomments&post=75058"}],"version-history":[{"count":0,"href":"https:\/\/elinformante.mx\/index.php?rest_route=\/wp\/v2\/posts\/75058\/revisions"}],"wp:featuredmedia":[{"embeddable":true,"href":"https:\/\/elinformante.mx\/index.php?rest_route=\/wp\/v2\/media\/75059"}],"wp:attachment":[{"href":"https:\/\/elinformante.mx\/index.php?rest_route=%2Fwp%2Fv2%2Fmedia&parent=75058"}],"wp:term":[{"taxonomy":"category","embeddable":true,"href":"https:\/\/elinformante.mx\/index.php?rest_route=%2Fwp%2Fv2%2Fcategories&post=75058"},{"taxonomy":"post_tag","embeddable":true,"href":"https:\/\/elinformante.mx\/index.php?rest_route=%2Fwp%2Fv2%2Ftags&post=75058"}],"curies":[{"name":"wp","href":"https:\/\/api.w.org\/{rel}","templated":true}]}}