{"id":75104,"date":"2025-02-07T07:19:26","date_gmt":"2025-02-07T13:19:26","guid":{"rendered":"https:\/\/elinformante.mx\/?p=75104"},"modified":"2025-02-07T07:19:27","modified_gmt":"2025-02-07T13:19:27","slug":"rechaza-scjn-lista-de-candidatos-sorteados-mediante-tombola-por-el-senado","status":"publish","type":"post","link":"https:\/\/elinformante.mx\/?p=75104","title":{"rendered":"Rechaza SCJN lista de candidatos sorteados mediante t\u00f3mbola por el Senado"},"content":{"rendered":"\n<figure class=\"wp-block-pullquote\"><blockquote><p>Esta resoluci\u00f3n se tom\u00f3 al no alcanzar la mayor\u00eda de 8 votos que se necesitan para aprobar el listado que debe enviarse al INE para continuar el proceso.<\/p><\/blockquote><\/figure>\n\n\n\n<p class=\"has-drop-cap\">El Pleno de la Suprema Corte de Justicia de la Naci\u00f3n (SCJN) someti\u00f3 a votaci\u00f3n la lista de candidaturas que le envi\u00f3 el Senado de la Rep\u00fablica, tras la insaculaci\u00f3n que llev\u00f3 a cabo para la selecci\u00f3n de aspirantes al Proceso Electoral Extraordinario 2024-2025 del Poder Judicial de la Federaci\u00f3n.<br><\/p>\n\n\n\n<p>Mediante un comunicado se inform\u00f3 que durante la sesi\u00f3n privada, celebrada se expusieron diversos puntos de vista de las ministras y los ministros presentes.<br><\/p>\n\n\n\n<p>Al someterse a votaci\u00f3n, no se alcanz\u00f3 la mayor\u00eda de 8 votos a la que se refiere el art\u00edculo segundo transitorio de la reforma constitucional en materia del Poder Judicial de la Federaci\u00f3n.<br><\/p>\n\n\n\n<p>El proceso original apuntaba que los candidatos ser\u00edan elegidos por el Comit\u00e9 de Evaluaci\u00f3n del Poder Judicial y luego avalados por el m\u00e1ximo tribunal. Solo entonces se enviar\u00eda la lista al Instituto Nacional Electoral (INE) para proceder a la elecci\u00f3n.<br><\/p>\n\n\n\n<p>Sin embargo, el comit\u00e9 fren\u00f3 sus labores para respetar una suspensi\u00f3n provisional girada como parte de un juicio de amparo contra leyes secundarias de la reforma judicial. Al tratar el tema, el Tribunal Electoral le orden\u00f3 continuar la evaluaci\u00f3n.<br><\/p>\n\n\n\n<p>Al tener dos \u00f3rdenes judiciales contradictorias, el comit\u00e9 decidi\u00f3 acudir a la Suprema Corte. Sin embargo, el Tribunal declar\u00f3 incumplida su sentencia y le orden\u00f3 al Senado finalizar la elecci\u00f3n de candidatos con un sorteo en t\u00f3mbola.<br><\/p>\n\n\n\n<p>La orden del Tribunal Electoral dice que el resultado de la t\u00f3mbola ser\u00e1 enviado al INE, sin importar si la lista es o no avalada por la Suprema Corte.<\/p>\n","protected":false},"excerpt":{"rendered":"<p>Esta resoluci\u00f3n se tom\u00f3 al no alcanzar la mayor\u00eda de 8 votos que se necesitan para aprobar el listado que debe enviarse al INE para continuar el proceso. El Pleno de la Suprema Corte de Justicia de la Naci\u00f3n (SCJN) someti\u00f3 a votaci\u00f3n la lista de candidaturas que le envi\u00f3 el Senado de la Rep\u00fablica, [&hellip;]<\/p>\n","protected":false},"author":1,"featured_media":75105,"comment_status":"closed","ping_status":"closed","sticky":false,"template":"","format":"standard","meta":{"footnotes":""},"categories":[30,34,31],"tags":[],"class_list":["post-75104","post","type-post","status-publish","format-standard","has-post-thumbnail","hentry","category-destacado","category-nacional","category-portada"],"_links":{"self":[{"href":"https:\/\/elinformante.mx\/index.php?rest_route=\/wp\/v2\/posts\/75104","targetHints":{"allow":["GET"]}}],"collection":[{"href":"https:\/\/elinformante.mx\/index.php?rest_route=\/wp\/v2\/posts"}],"about":[{"href":"https:\/\/elinformante.mx\/index.php?rest_route=\/wp\/v2\/types\/post"}],"author":[{"embeddable":true,"href":"https:\/\/elinformante.mx\/index.php?rest_route=\/wp\/v2\/users\/1"}],"replies":[{"embeddable":true,"href":"https:\/\/elinformante.mx\/index.php?rest_route=%2Fwp%2Fv2%2Fcomments&post=75104"}],"version-history":[{"count":0,"href":"https:\/\/elinformante.mx\/index.php?rest_route=\/wp\/v2\/posts\/75104\/revisions"}],"wp:featuredmedia":[{"embeddable":true,"href":"https:\/\/elinformante.mx\/index.php?rest_route=\/wp\/v2\/media\/75105"}],"wp:attachment":[{"href":"https:\/\/elinformante.mx\/index.php?rest_route=%2Fwp%2Fv2%2Fmedia&parent=75104"}],"wp:term":[{"taxonomy":"category","embeddable":true,"href":"https:\/\/elinformante.mx\/index.php?rest_route=%2Fwp%2Fv2%2Fcategories&post=75104"},{"taxonomy":"post_tag","embeddable":true,"href":"https:\/\/elinformante.mx\/index.php?rest_route=%2Fwp%2Fv2%2Ftags&post=75104"}],"curies":[{"name":"wp","href":"https:\/\/api.w.org\/{rel}","templated":true}]}}