{"id":75243,"date":"2025-02-10T06:46:47","date_gmt":"2025-02-10T12:46:47","guid":{"rendered":"https:\/\/elinformante.mx\/?p=75243"},"modified":"2025-02-10T06:46:48","modified_gmt":"2025-02-10T12:46:48","slug":"se-realizara-en-alcaldia-xochimilco-la-feria-de-las-lenguas-maternas","status":"publish","type":"post","link":"https:\/\/elinformante.mx\/?p=75243","title":{"rendered":"Se realizar\u00e1 en Alcald\u00eda Xochimilco la feria de las Lenguas Maternas"},"content":{"rendered":"\n<figure class=\"wp-block-pullquote\"><blockquote><p>Cabe decir que el 25\u00ba aniversario del D\u00eda Internacional de la Lengua Materna celebra un cuarto de siglo de esfuerzos por preservar la diversidad ling\u00fc\u00edstica y promover las lenguas maternas.<\/p><\/blockquote><\/figure>\n\n\n\n<p class=\"has-drop-cap\">Para celebrar el Jubileo de Plata del D\u00eda Internacional de la Lengua Materna, varias organizaciones ind\u00edgenas promotoras de la defensa de las lenguas originarias y la Alcald\u00eda de Xochimilco, anunciaron la realizaci\u00f3n de La Feria de las Lenguas Maternas, que se llevar\u00e1 a cabo en dicha demarcaci\u00f3n de la capital del pa\u00eds del 12 al 23 de febrero. Se llevar\u00e1 a cabo en el Corredor Tur\u00edstico y el Centro de Xochimilco con talleres de lenguas ind\u00edgenas, poes\u00eda en diferentes lenguas, presentaci\u00f3n de m\u00fasicos ind\u00edgenas, danza ind\u00edgena, gastronom\u00eda, conferencias magistrales, mesas redondas y un conversatorio internacional, entre otras actividades.<br><\/p>\n\n\n\n<p>Entre los organismos ind\u00edgenas convocantes a este evento se encuentran el Movimiento de Pueblos, Comunidades y Organizaciones Ind\u00edgenas (MPCOI MN) y la Organizaci\u00f3n de Traductores y Gestores en Lenguas Ind\u00edgenas (OTIGLI AC).<br><\/p>\n\n\n\n<p>Datos de la Organizaci\u00f3n de las Naciones Unidas establecen que en el mundo hay aproximadamente 8,324 idiomas, pero muchos corren el riesgo de desaparecer debido a la globalizaci\u00f3n y los cambios sociales.<br><\/p>\n\n\n\n<figure class=\"wp-block-image size-large\"><img fetchpriority=\"high\" decoding=\"async\" width=\"1024\" height=\"506\" src=\"https:\/\/elinformante.mx\/wp-content\/uploads\/2025\/02\/6xochimilco-2-1024x506.jpg\" alt=\"\" class=\"wp-image-75245\" srcset=\"https:\/\/elinformante.mx\/wp-content\/uploads\/2025\/02\/6xochimilco-2-1024x506.jpg 1024w, https:\/\/elinformante.mx\/wp-content\/uploads\/2025\/02\/6xochimilco-2-300x148.jpg 300w, https:\/\/elinformante.mx\/wp-content\/uploads\/2025\/02\/6xochimilco-2-768x379.jpg 768w, https:\/\/elinformante.mx\/wp-content\/uploads\/2025\/02\/6xochimilco-2.jpg 1140w\" sizes=\"(max-width: 1024px) 100vw, 1024px\" \/><\/figure>\n\n\n\n<p>Cabe decir que el 25\u00ba aniversario del D\u00eda Internacional de la Lengua Materna celebra un cuarto de siglo de esfuerzos por preservar la diversidad ling\u00fc\u00edstica y promover las lenguas maternas.<br><\/p>\n\n\n\n<p>Las organizaciones convocantes y la Alcald\u00eda de Xochimilco consideran que este hito pone de relieve la importancia de la preservaci\u00f3n de las lenguas para salvaguardar el patrimonio cultural, mejorar la educaci\u00f3n y fomentar sociedades m\u00e1s pac\u00edficas.<br><\/p>\n\n\n\n<p>Dichas instancias destacan que el D\u00eda Internacional de la Lengua Materna, proclamado por primera vez por la UNESCO y luego adoptado por la Asamblea General de las Naciones Unidas, subraya el papel de las lenguas en la promoci\u00f3n de la inclusi\u00f3n y el logro de los Objetivos de Desarrollo Sostenible.<\/p>\n","protected":false},"excerpt":{"rendered":"<p>Cabe decir que el 25\u00ba aniversario del D\u00eda Internacional de la Lengua Materna celebra un cuarto de siglo de esfuerzos por preservar la diversidad ling\u00fc\u00edstica y promover las lenguas maternas. Para celebrar el Jubileo de Plata del D\u00eda Internacional de la Lengua Materna, varias organizaciones ind\u00edgenas promotoras de la defensa de las lenguas originarias y [&hellip;]<\/p>\n","protected":false},"author":1,"featured_media":75244,"comment_status":"closed","ping_status":"closed","sticky":false,"template":"","format":"standard","meta":{"footnotes":""},"categories":[35],"tags":[],"class_list":["post-75243","post","type-post","status-publish","format-standard","has-post-thumbnail","hentry","category-cdmx"],"_links":{"self":[{"href":"https:\/\/elinformante.mx\/index.php?rest_route=\/wp\/v2\/posts\/75243","targetHints":{"allow":["GET"]}}],"collection":[{"href":"https:\/\/elinformante.mx\/index.php?rest_route=\/wp\/v2\/posts"}],"about":[{"href":"https:\/\/elinformante.mx\/index.php?rest_route=\/wp\/v2\/types\/post"}],"author":[{"embeddable":true,"href":"https:\/\/elinformante.mx\/index.php?rest_route=\/wp\/v2\/users\/1"}],"replies":[{"embeddable":true,"href":"https:\/\/elinformante.mx\/index.php?rest_route=%2Fwp%2Fv2%2Fcomments&post=75243"}],"version-history":[{"count":0,"href":"https:\/\/elinformante.mx\/index.php?rest_route=\/wp\/v2\/posts\/75243\/revisions"}],"wp:featuredmedia":[{"embeddable":true,"href":"https:\/\/elinformante.mx\/index.php?rest_route=\/wp\/v2\/media\/75244"}],"wp:attachment":[{"href":"https:\/\/elinformante.mx\/index.php?rest_route=%2Fwp%2Fv2%2Fmedia&parent=75243"}],"wp:term":[{"taxonomy":"category","embeddable":true,"href":"https:\/\/elinformante.mx\/index.php?rest_route=%2Fwp%2Fv2%2Fcategories&post=75243"},{"taxonomy":"post_tag","embeddable":true,"href":"https:\/\/elinformante.mx\/index.php?rest_route=%2Fwp%2Fv2%2Ftags&post=75243"}],"curies":[{"name":"wp","href":"https:\/\/api.w.org\/{rel}","templated":true}]}}