{"id":75290,"date":"2025-02-11T05:38:29","date_gmt":"2025-02-11T11:38:29","guid":{"rendered":"https:\/\/elinformante.mx\/?p=75290"},"modified":"2025-02-11T05:38:31","modified_gmt":"2025-02-11T11:38:31","slug":"se-pronuncia-selena-gomez-ante-polemica-de-emilia-perez","status":"publish","type":"post","link":"https:\/\/elinformante.mx\/?p=75290","title":{"rendered":"Se pronuncia Selena G\u00f3mez ante pol\u00e9mica de Emilia P\u00e9rez"},"content":{"rendered":"\n<figure class=\"wp-block-pullquote\"><blockquote><p>La actriz mexiconorteamericana habl\u00f3 por primera vez sobre las controversias en torno a Emilia P\u00e9rez, asegurando que est\u00e1 orgullosa de su trabajo<\/p><\/blockquote><\/figure>\n\n\n\n<p class=\"has-drop-cap\">La hermosa Selena G\u00f3mez, una de las protagonistas de Emilia P\u00e9rez, finalmente ha hablado sobre las controversias que rodean la pel\u00edcula.<br><\/p>\n\n\n\n<p>La actriz y cantante, quien interpreta a Jessi Del Monte, se hab\u00eda mantenido con un perfil bajo ante las cr\u00edticas y debates en torno al filme, pero fue durante una entrevista en el Festival Internacional de Cine de Santa B\u00e1rbara, expres\u00f3 su sentir sobre el proyecto y su participaci\u00f3n.<br><\/p>\n\n\n\n<p>Durante su participaci\u00f3n en el festival, a Selena Gomez se le pregunt\u00f3 directamente sobre las pol\u00e9micas que han surgido en torno a la pel\u00edcula.<br><\/p>\n\n\n\n<p>Como respuesta, la actriz asegur\u00f3 que aunque se siente bien con su participaci\u00f3n, reconoce que el estreno del filme perdi\u00f3 parte de su esencia debido a la controversia. \u201cEstoy muy bien, pero tengo que aceptar que parte de la magia ha desaparecido\u201d, declar\u00f3.<br><\/p>\n\n\n\n<p>A pesar de esto, G\u00f3mez reafirm\u00f3 su orgullo por el trabajo que realiz\u00f3 en Emilia P\u00e9rez y asegur\u00f3 que no tiene remordimientos respecto a su papel en la pel\u00edcula.<br><\/p>\n\n\n\n<p>Uno de los momentos m\u00e1s destacados de la entrevista ocurri\u00f3 cuando le preguntaron si volver\u00eda a participar en el filme si tuviera la oportunidad. Su respuesta fue contundente y gener\u00f3 una ovaci\u00f3n entre los asistentes.<br><\/p>\n\n\n\n<p>Con estas declaraciones, Selena Gomez dej\u00f3 en claro su postura ante la pol\u00e9mica, reafirmando su respaldo al filme y su satisfacci\u00f3n con el trabajo realizado. Aunque Emilia P\u00e9rez ha generado diversas reacciones, la actriz y cantante mantiene su postura firme de orgullo y gratitud por haber sido parte del proyecto.<\/p>\n","protected":false},"excerpt":{"rendered":"<p>La actriz mexiconorteamericana habl\u00f3 por primera vez sobre las controversias en torno a Emilia P\u00e9rez, asegurando que est\u00e1 orgullosa de su trabajo La hermosa Selena G\u00f3mez, una de las protagonistas de Emilia P\u00e9rez, finalmente ha hablado sobre las controversias que rodean la pel\u00edcula. La actriz y cantante, quien interpreta a Jessi Del Monte, se hab\u00eda [&hellip;]<\/p>\n","protected":false},"author":1,"featured_media":75291,"comment_status":"closed","ping_status":"closed","sticky":false,"template":"","format":"standard","meta":{"footnotes":""},"categories":[39],"tags":[],"class_list":["post-75290","post","type-post","status-publish","format-standard","has-post-thumbnail","hentry","category-espectaculos"],"_links":{"self":[{"href":"https:\/\/elinformante.mx\/index.php?rest_route=\/wp\/v2\/posts\/75290","targetHints":{"allow":["GET"]}}],"collection":[{"href":"https:\/\/elinformante.mx\/index.php?rest_route=\/wp\/v2\/posts"}],"about":[{"href":"https:\/\/elinformante.mx\/index.php?rest_route=\/wp\/v2\/types\/post"}],"author":[{"embeddable":true,"href":"https:\/\/elinformante.mx\/index.php?rest_route=\/wp\/v2\/users\/1"}],"replies":[{"embeddable":true,"href":"https:\/\/elinformante.mx\/index.php?rest_route=%2Fwp%2Fv2%2Fcomments&post=75290"}],"version-history":[{"count":0,"href":"https:\/\/elinformante.mx\/index.php?rest_route=\/wp\/v2\/posts\/75290\/revisions"}],"wp:featuredmedia":[{"embeddable":true,"href":"https:\/\/elinformante.mx\/index.php?rest_route=\/wp\/v2\/media\/75291"}],"wp:attachment":[{"href":"https:\/\/elinformante.mx\/index.php?rest_route=%2Fwp%2Fv2%2Fmedia&parent=75290"}],"wp:term":[{"taxonomy":"category","embeddable":true,"href":"https:\/\/elinformante.mx\/index.php?rest_route=%2Fwp%2Fv2%2Fcategories&post=75290"},{"taxonomy":"post_tag","embeddable":true,"href":"https:\/\/elinformante.mx\/index.php?rest_route=%2Fwp%2Fv2%2Ftags&post=75290"}],"curies":[{"name":"wp","href":"https:\/\/api.w.org\/{rel}","templated":true}]}}