{"id":75296,"date":"2025-02-11T05:40:30","date_gmt":"2025-02-11T11:40:30","guid":{"rendered":"https:\/\/elinformante.mx\/?p=75296"},"modified":"2025-02-11T05:40:32","modified_gmt":"2025-02-11T11:40:32","slug":"tenso-cara-a-cara-entre-el-pantera-nery-y-kyonosuke-kameda-casi-llegan-a-los-golpes","status":"publish","type":"post","link":"https:\/\/elinformante.mx\/?p=75296","title":{"rendered":"Tenso cara a cara entre el Pantera Nery y Kyonosuke Kameda\u2026 casi llegan a los golpes"},"content":{"rendered":"\n<figure class=\"wp-block-pullquote\"><blockquote><p>El boxeador mexicano y el japon\u00e9s se enfrentar\u00e1n el pr\u00f3ximo 22 de febrero en Tijuana, Baja California.<\/p><\/blockquote><\/figure>\n\n\n\n<p class=\"has-drop-cap\">Previo a su combate del pr\u00f3ximo 22 de febrero, Luis \u201cPantera\u201d Nery y el japon\u00e9s Kyonosuke Kameda protagonizaron un tenso momento durante un cara a cara que mantuvieron, el cual estuvo muy cerca de llegar a los golpes.<br><\/p>\n\n\n\n<p>Durante la conferencia de prensa que ambos boxeadores ofrecieron en Tijuana, Baja California, ambos pugilistas encendieron los \u00e1nimos tras mirarse por varios segundos a los ojos.<br><\/p>\n\n\n\n<p>Aunque todo parec\u00eda que terminar\u00eda con el intercambio de miradas, el japon\u00e9s excedi\u00f3 los l\u00edmites y peg\u00f3 su frente con la del mexicano, gesto que no fue del agrado del Pantera, el cual de forma inmediata respondi\u00f3 a la provocaci\u00f3n de su rival lanzando dos golpes, mismo que por fortuna no logr\u00f3 conectar.<br><\/p>\n\n\n\n<p>La reacci\u00f3n de las personas que estaban cerca de los boxeadores fue inmediata y r\u00e1pidamente fueron separados para evitar que la situaci\u00f3n llegara a m\u00e1s, aunque ambos segu\u00edan con el intercambio de palabras.<br><\/p>\n\n\n\n<p>Cabe recordar que esta no es la primera vez que el boxeador mexicano se enfrentar\u00e1 ante un rival nip\u00f3n, pues ya tuvo la oportunidad de medirse ante Shinsuke Yamanaka y Naoya Inoue, justo contra este \u00faltimo perdi\u00f3 por KO el pasado mes de mayo.<br><\/p>\n\n\n\n<p>Ser\u00e1 el pr\u00f3ximo s\u00e1bado 22 de febrero cuando Luis \u201cPantera\u201d Nery se enfrente ante Kyonosuke Kameda en el Auditorio Municipal de Tijuana, recinto localizado en Baja California. La pelea ser\u00e1 trasmitida por ESPN y Box Azteca.<\/p>\n","protected":false},"excerpt":{"rendered":"<p>El boxeador mexicano y el japon\u00e9s se enfrentar\u00e1n el pr\u00f3ximo 22 de febrero en Tijuana, Baja California. Previo a su combate del pr\u00f3ximo 22 de febrero, Luis \u201cPantera\u201d Nery y el japon\u00e9s Kyonosuke Kameda protagonizaron un tenso momento durante un cara a cara que mantuvieron, el cual estuvo muy cerca de llegar a los golpes. [&hellip;]<\/p>\n","protected":false},"author":1,"featured_media":75297,"comment_status":"closed","ping_status":"closed","sticky":false,"template":"","format":"standard","meta":{"footnotes":""},"categories":[38],"tags":[],"class_list":["post-75296","post","type-post","status-publish","format-standard","has-post-thumbnail","hentry","category-deportes"],"_links":{"self":[{"href":"https:\/\/elinformante.mx\/index.php?rest_route=\/wp\/v2\/posts\/75296","targetHints":{"allow":["GET"]}}],"collection":[{"href":"https:\/\/elinformante.mx\/index.php?rest_route=\/wp\/v2\/posts"}],"about":[{"href":"https:\/\/elinformante.mx\/index.php?rest_route=\/wp\/v2\/types\/post"}],"author":[{"embeddable":true,"href":"https:\/\/elinformante.mx\/index.php?rest_route=\/wp\/v2\/users\/1"}],"replies":[{"embeddable":true,"href":"https:\/\/elinformante.mx\/index.php?rest_route=%2Fwp%2Fv2%2Fcomments&post=75296"}],"version-history":[{"count":0,"href":"https:\/\/elinformante.mx\/index.php?rest_route=\/wp\/v2\/posts\/75296\/revisions"}],"wp:featuredmedia":[{"embeddable":true,"href":"https:\/\/elinformante.mx\/index.php?rest_route=\/wp\/v2\/media\/75297"}],"wp:attachment":[{"href":"https:\/\/elinformante.mx\/index.php?rest_route=%2Fwp%2Fv2%2Fmedia&parent=75296"}],"wp:term":[{"taxonomy":"category","embeddable":true,"href":"https:\/\/elinformante.mx\/index.php?rest_route=%2Fwp%2Fv2%2Fcategories&post=75296"},{"taxonomy":"post_tag","embeddable":true,"href":"https:\/\/elinformante.mx\/index.php?rest_route=%2Fwp%2Fv2%2Ftags&post=75296"}],"curies":[{"name":"wp","href":"https:\/\/api.w.org\/{rel}","templated":true}]}}