{"id":75303,"date":"2025-02-11T05:42:53","date_gmt":"2025-02-11T11:42:53","guid":{"rendered":"https:\/\/elinformante.mx\/?p=75303"},"modified":"2025-02-11T05:42:55","modified_gmt":"2025-02-11T11:42:55","slug":"vinculan-a-proceso-a-dos-sujetos-por-homicidio-en-chicoloapan","status":"publish","type":"post","link":"https:\/\/elinformante.mx\/?p=75303","title":{"rendered":"Vinculan a proceso a dos sujetos por homicidio en Chicoloapan"},"content":{"rendered":"\n<figure class=\"wp-block-pullquote\"><blockquote><p>El homicidio lo habr\u00edan perpetrado la noche del 30 de diciembre del 2024, en la colonia Real de San Vicente.<\/p><\/blockquote><\/figure>\n\n\n\n<p class=\"has-drop-cap\">La FGJEM acredit\u00f3 la probable intervenci\u00f3n de H\u00e9ctor Edwin \u201cN\u201d y Yomel\u00edn Elvira \u201cN\u201d, en el delito de homicidio calificado en agravio de un masculino, il\u00edcito perpetrado la noche del 30 de diciembre de 2024, en este municipio.<br><\/p>\n\n\n\n<p>Con los elementos de prueba aportados la Autoridad Judicial con sede en Texcoco determin\u00f3 iniciar proceso legal contra ambas personas, adem\u00e1s estableci\u00f3 como medida cautelar la prisi\u00f3n preventiva justificada y plazo de dos meses para el cierre de investigaci\u00f3n complementaria.<br><\/p>\n\n\n\n<p>Las indagatorias realizadas precisaron que el d\u00eda de los hechos, la v\u00edctima se encontraba con otra persona en la calle Camino a la Hacienda, colonia Real de San Vicente, lugar al que arribaron los investigados a bordo de una motocicleta.<br><\/p>\n\n\n\n<p>Posteriormente Yomel\u00edn Elvira \u201cN\u201d, sac\u00f3 un arma de fuego, la cual entreg\u00f3 a su c\u00f3mplice H\u00e9ctor Edwin \u201cN\u201d, quien la habr\u00eda detonado en contra de la v\u00edctima, ocasion\u00e1ndole la muerte.<br><\/p>\n\n\n\n<p>Por este homicidio el Ministerio P\u00fablico dio inicio a una indagatoria y llev\u00f3 a cabo actos de investigaci\u00f3n, con los cuales se alleg\u00f3 de datos y solicit\u00f3 al \u00d3rgano Jurisdiccional librar orden de aprehensi\u00f3n en su contra; mandamiento judicial que fue otorgado y cumplimentado.<br><\/p>\n\n\n\n<p>Luego de ser aprehendidos los probables implicados fueron ingresados al Centro Penitenciario y de Reinserci\u00f3n Social de Texcoco a disposici\u00f3n de un Juez, quien los vincul\u00f3 a proceso, sin embargo, deben ser considerados inocentes hasta que sea dictada una sentencia condenatoria en su contra.<\/p>\n","protected":false},"excerpt":{"rendered":"<p>El homicidio lo habr\u00edan perpetrado la noche del 30 de diciembre del 2024, en la colonia Real de San Vicente. La FGJEM acredit\u00f3 la probable intervenci\u00f3n de H\u00e9ctor Edwin \u201cN\u201d y Yomel\u00edn Elvira \u201cN\u201d, en el delito de homicidio calificado en agravio de un masculino, il\u00edcito perpetrado la noche del 30 de diciembre de 2024, [&hellip;]<\/p>\n","protected":false},"author":1,"featured_media":75304,"comment_status":"closed","ping_status":"closed","sticky":false,"template":"","format":"standard","meta":{"footnotes":""},"categories":[36,37],"tags":[],"class_list":["post-75303","post","type-post","status-publish","format-standard","has-post-thumbnail","hentry","category-edomex","category-justicia"],"_links":{"self":[{"href":"https:\/\/elinformante.mx\/index.php?rest_route=\/wp\/v2\/posts\/75303","targetHints":{"allow":["GET"]}}],"collection":[{"href":"https:\/\/elinformante.mx\/index.php?rest_route=\/wp\/v2\/posts"}],"about":[{"href":"https:\/\/elinformante.mx\/index.php?rest_route=\/wp\/v2\/types\/post"}],"author":[{"embeddable":true,"href":"https:\/\/elinformante.mx\/index.php?rest_route=\/wp\/v2\/users\/1"}],"replies":[{"embeddable":true,"href":"https:\/\/elinformante.mx\/index.php?rest_route=%2Fwp%2Fv2%2Fcomments&post=75303"}],"version-history":[{"count":0,"href":"https:\/\/elinformante.mx\/index.php?rest_route=\/wp\/v2\/posts\/75303\/revisions"}],"wp:featuredmedia":[{"embeddable":true,"href":"https:\/\/elinformante.mx\/index.php?rest_route=\/wp\/v2\/media\/75304"}],"wp:attachment":[{"href":"https:\/\/elinformante.mx\/index.php?rest_route=%2Fwp%2Fv2%2Fmedia&parent=75303"}],"wp:term":[{"taxonomy":"category","embeddable":true,"href":"https:\/\/elinformante.mx\/index.php?rest_route=%2Fwp%2Fv2%2Fcategories&post=75303"},{"taxonomy":"post_tag","embeddable":true,"href":"https:\/\/elinformante.mx\/index.php?rest_route=%2Fwp%2Fv2%2Ftags&post=75303"}],"curies":[{"name":"wp","href":"https:\/\/api.w.org\/{rel}","templated":true}]}}