{"id":75306,"date":"2025-02-11T05:44:08","date_gmt":"2025-02-11T11:44:08","guid":{"rendered":"https:\/\/elinformante.mx\/?p=75306"},"modified":"2025-02-11T05:44:12","modified_gmt":"2025-02-11T11:44:12","slug":"son-sentenciados-dos-individuos-por-robo-de-vehiculo","status":"publish","type":"post","link":"https:\/\/elinformante.mx\/?p=75306","title":{"rendered":"Son sentenciados dos individuos por robo de veh\u00edculo"},"content":{"rendered":"\n<figure class=\"wp-block-pullquote\"><blockquote><p>Uno de los il\u00edcitos fue cometido en diciembre de 2023 en el municipio de Toluca y otro en marzo de 2024 en Naucalpan.<\/p><\/blockquote><\/figure>\n\n\n\n<p class=\"has-drop-cap\">La FGJEM acredit\u00f3 la intervenci\u00f3n de Edson Olaf Ram\u00edrez Jim\u00e9nez y Ricardo Alfonso Dom\u00ednguez Ortega, en robos de veh\u00edculo con violencia registrados en los municipios de Toluca y Naucalpan, por lo que la Autoridad Judicial les dict\u00f3 sentencias de condena.<br><\/p>\n\n\n\n<p>La Autoridad Judicial con sede en Almoloya de Ju\u00e1rez dict\u00f3 condena de 20 a\u00f1os y cuatro meses de prisi\u00f3n para Edson Olaf Ram\u00edrez Jim\u00e9nez, quien el 2 de diciembre de 2023 hurt\u00f3 un veh\u00edculo marca Italika, tipo RC200, en la calle Tlatelolco II, colonia Santa Mar\u00eda Totoltepec, en la capital mexiquense.<br><\/p>\n\n\n\n<p>Ese d\u00eda, la v\u00edctima, quien laboraba como chofer repartidor de alimentos para una plataforma digital, se encontraba en la zona donde realizar\u00eda una entrega, no obstante, fue interceptado por el ahora sentenciado y otro sujeto, quienes lo amagaron con un arma de fuego para cometer el robo.<br><\/p>\n\n\n\n<p>La Representaci\u00f3n Social de igual forma obtuvo sentencia de condena de 20 a\u00f1os y 4 meses de prisi\u00f3n para Ricardo Alfonso Dom\u00ednguez Ortega, tras acreditar su responsabilidad en el hecho delictivo de robo de veh\u00edculo cometido en la colonia Boulevares, en el municipio de Naucalpan.<br><\/p>\n\n\n\n<p>Los hechos tuvieron lugar el 10 de marzo de 2024 cuando el ahora condenado y otro sujeto interceptaron al conductor de un veh\u00edculo BMW, a quien sometieron para despojarlo de su unidad automotora y luego huyeron.<br><\/p>\n\n\n\n<p>Por estos robos fueron iniciadas las indagatorias correspondientes e identificados los responsables, mismos que fueron ingresados a Centros Penitenciarios y de Reinserci\u00f3n Social, a disposici\u00f3n del \u00d3rgano Jurisdiccional, quien les dict\u00f3 estas condenas.<\/p>\n","protected":false},"excerpt":{"rendered":"<p>Uno de los il\u00edcitos fue cometido en diciembre de 2023 en el municipio de Toluca y otro en marzo de 2024 en Naucalpan. La FGJEM acredit\u00f3 la intervenci\u00f3n de Edson Olaf Ram\u00edrez Jim\u00e9nez y Ricardo Alfonso Dom\u00ednguez Ortega, en robos de veh\u00edculo con violencia registrados en los municipios de Toluca y Naucalpan, por lo que [&hellip;]<\/p>\n","protected":false},"author":1,"featured_media":75307,"comment_status":"closed","ping_status":"closed","sticky":false,"template":"","format":"standard","meta":{"footnotes":""},"categories":[36,37],"tags":[],"class_list":["post-75306","post","type-post","status-publish","format-standard","has-post-thumbnail","hentry","category-edomex","category-justicia"],"_links":{"self":[{"href":"https:\/\/elinformante.mx\/index.php?rest_route=\/wp\/v2\/posts\/75306","targetHints":{"allow":["GET"]}}],"collection":[{"href":"https:\/\/elinformante.mx\/index.php?rest_route=\/wp\/v2\/posts"}],"about":[{"href":"https:\/\/elinformante.mx\/index.php?rest_route=\/wp\/v2\/types\/post"}],"author":[{"embeddable":true,"href":"https:\/\/elinformante.mx\/index.php?rest_route=\/wp\/v2\/users\/1"}],"replies":[{"embeddable":true,"href":"https:\/\/elinformante.mx\/index.php?rest_route=%2Fwp%2Fv2%2Fcomments&post=75306"}],"version-history":[{"count":0,"href":"https:\/\/elinformante.mx\/index.php?rest_route=\/wp\/v2\/posts\/75306\/revisions"}],"wp:featuredmedia":[{"embeddable":true,"href":"https:\/\/elinformante.mx\/index.php?rest_route=\/wp\/v2\/media\/75307"}],"wp:attachment":[{"href":"https:\/\/elinformante.mx\/index.php?rest_route=%2Fwp%2Fv2%2Fmedia&parent=75306"}],"wp:term":[{"taxonomy":"category","embeddable":true,"href":"https:\/\/elinformante.mx\/index.php?rest_route=%2Fwp%2Fv2%2Fcategories&post=75306"},{"taxonomy":"post_tag","embeddable":true,"href":"https:\/\/elinformante.mx\/index.php?rest_route=%2Fwp%2Fv2%2Ftags&post=75306"}],"curies":[{"name":"wp","href":"https:\/\/api.w.org\/{rel}","templated":true}]}}