{"id":75309,"date":"2025-02-11T05:47:01","date_gmt":"2025-02-11T11:47:01","guid":{"rendered":"https:\/\/elinformante.mx\/?p=75309"},"modified":"2025-02-11T05:47:05","modified_gmt":"2025-02-11T11:47:05","slug":"sentencian-a-56-anos-de-prision-a-dos-personas-por-el-delito-de-desaparicion","status":"publish","type":"post","link":"https:\/\/elinformante.mx\/?p=75309","title":{"rendered":"Sentencian a 56 a\u00f1os de prisi\u00f3n a dos personas por el delito de desaparici\u00f3n"},"content":{"rendered":"\n<figure class=\"wp-block-pullquote\"><blockquote><p>Fueron detenidos en marzo de 2024 en el estado de Quintana Roo, mediante acci\u00f3n conjunta de la Fiscal\u00eda Edom\u00e9x, SSPC federal y Fiscal\u00eda General de esa entidad.<\/p><\/blockquote><\/figure>\n\n\n\n<p class=\"has-drop-cap\">Ricardo Adri\u00e1n Paz Serv\u00edn y Juanita Erika Mart\u00ednez Herrera, fueron sentenciados a 56 a\u00f1os y 3 meses de prisi\u00f3n, una vez que la FGJEM acredit\u00f3 su intervenci\u00f3n en el delito de desaparici\u00f3n cometida por particulares, con la agravante de que la v\u00edctima sea un menor de edad y exista un v\u00ednculo de confianza.<br><\/p>\n\n\n\n<p>La Autoridad Judicial luego de revisar las pruebas recabadas, aportadas y expuestas por el Ministerio P\u00fablico emiti\u00f3 esta sentencia de condena contra estas dos personas, adem\u00e1s les fij\u00f3 multa de 936 mil 660 pesos y la cantidad de 112 mil 086 pesos como reparaci\u00f3n del da\u00f1o, en tanto que sus derechos civiles y pol\u00edticos quedaron suspendidos.<br><\/p>\n\n\n\n<p>Los hechos por los cuales fueron encontrados responsables tuvieron lugar la tarde del 3 de diciembre del a\u00f1o 2023, cuando la v\u00edctima de 6 a\u00f1os de edad, se encontraba al cuidado de Ricardo Adri\u00e1n Paz Serv\u00edn y Juanita Erika Mart\u00ednez Herrera, al interior de un domicilio ubicado en la calle Tercera Cerrada de R\u00edo Papagayo, colonia El Dorado, en el municipio de Huehuetoca.<br><\/p>\n\n\n\n<p>Desde ese d\u00eda se desconoce el paradero de este ni\u00f1o, en tanto que los ahora sentenciados a partir de esa fecha huyeron del domicilio referido.<br><\/p>\n\n\n\n<p>Derivado de la denuncia por la desaparici\u00f3n de la v\u00edctima, fueron llevados a cabo actos de investigaci\u00f3n de gabinete y campo que derivaron en la captura de estas dos personas, en el estado de Quintana Roo, en el mes de marzo del a\u00f1o 2024. Para esta acci\u00f3n la FGJEM cont\u00f3 con el apoyo de la Fiscal\u00eda General de esa entidad, as\u00ed como de la Secretar\u00eda de Seguridad y Protecci\u00f3n Ciudadana del Gobierno de M\u00e9xico (SSPC).<br><\/p>\n\n\n\n<p>Ambas personas fueron trasladadas al Estado de M\u00e9xico e ingresadas a Centros Penitenciarios y de Reinserci\u00f3n Social, donde quedaron a disposici\u00f3n de un Juez, quien tras proceso legal, les dict\u00f3 esta sentencia de condena.<\/p>\n","protected":false},"excerpt":{"rendered":"<p>Fueron detenidos en marzo de 2024 en el estado de Quintana Roo, mediante acci\u00f3n conjunta de la Fiscal\u00eda Edom\u00e9x, SSPC federal y Fiscal\u00eda General de esa entidad. Ricardo Adri\u00e1n Paz Serv\u00edn y Juanita Erika Mart\u00ednez Herrera, fueron sentenciados a 56 a\u00f1os y 3 meses de prisi\u00f3n, una vez que la FGJEM acredit\u00f3 su intervenci\u00f3n en [&hellip;]<\/p>\n","protected":false},"author":1,"featured_media":75310,"comment_status":"closed","ping_status":"closed","sticky":false,"template":"","format":"standard","meta":{"footnotes":""},"categories":[30,36,37],"tags":[],"class_list":["post-75309","post","type-post","status-publish","format-standard","has-post-thumbnail","hentry","category-destacado","category-edomex","category-justicia"],"_links":{"self":[{"href":"https:\/\/elinformante.mx\/index.php?rest_route=\/wp\/v2\/posts\/75309","targetHints":{"allow":["GET"]}}],"collection":[{"href":"https:\/\/elinformante.mx\/index.php?rest_route=\/wp\/v2\/posts"}],"about":[{"href":"https:\/\/elinformante.mx\/index.php?rest_route=\/wp\/v2\/types\/post"}],"author":[{"embeddable":true,"href":"https:\/\/elinformante.mx\/index.php?rest_route=\/wp\/v2\/users\/1"}],"replies":[{"embeddable":true,"href":"https:\/\/elinformante.mx\/index.php?rest_route=%2Fwp%2Fv2%2Fcomments&post=75309"}],"version-history":[{"count":0,"href":"https:\/\/elinformante.mx\/index.php?rest_route=\/wp\/v2\/posts\/75309\/revisions"}],"wp:featuredmedia":[{"embeddable":true,"href":"https:\/\/elinformante.mx\/index.php?rest_route=\/wp\/v2\/media\/75310"}],"wp:attachment":[{"href":"https:\/\/elinformante.mx\/index.php?rest_route=%2Fwp%2Fv2%2Fmedia&parent=75309"}],"wp:term":[{"taxonomy":"category","embeddable":true,"href":"https:\/\/elinformante.mx\/index.php?rest_route=%2Fwp%2Fv2%2Fcategories&post=75309"},{"taxonomy":"post_tag","embeddable":true,"href":"https:\/\/elinformante.mx\/index.php?rest_route=%2Fwp%2Fv2%2Ftags&post=75309"}],"curies":[{"name":"wp","href":"https:\/\/api.w.org\/{rel}","templated":true}]}}