{"id":75312,"date":"2025-02-11T05:54:29","date_gmt":"2025-02-11T11:54:29","guid":{"rendered":"https:\/\/elinformante.mx\/?p=75312"},"modified":"2025-02-11T05:54:32","modified_gmt":"2025-02-11T11:54:32","slug":"firma-suteym-convenios-con-jiquipilco-y-tlatlaya","status":"publish","type":"post","link":"https:\/\/elinformante.mx\/?p=75312","title":{"rendered":"Firma SUTEYM convenios con Jiquipilco y Tlatlaya"},"content":{"rendered":"\n<figure class=\"wp-block-pullquote\"><blockquote><p>El secretario general reiter\u00f3 su disposici\u00f3n para colaborar con las administraciones municipales para respaldar su estabilidad y buen funcionamiento.<\/p><\/blockquote><\/figure>\n\n\n\n<p class=\"has-drop-cap\">La Casa del Servidor P\u00fablico Mexiquense fue sede de la firma de los Convenios de Sueldos y Prestaciones entre el Sindicato \u00danico de Trabajadores de los Poderes, Municipios e Instituciones Descentralizadas del Estado de M\u00e9xico (SUTEYM) y las administraciones gubernamentales de Jiquipilco y Tlatlaya.<br><\/p>\n\n\n\n<p>El acto fue presidido de manera conjunta por Herminio Cahue Calder\u00f3n, secretario general del SUTEYM; Antonio Escobar Felix, presidente municipal constitucional de Jiquipilco; y Cris\u00f3foro Hern\u00e1ndez Mena, presidente municipal constitucional de Tlatlaya; quienes contaron con la compa\u00f1\u00eda de delegados y coordinadores de dichas localidades, as\u00ed como integrantes del Comit\u00e9 Ejecutivo Estatal.<br><\/p>\n\n\n\n<p>En su momento, adem\u00e1s de dar la bienvenida a los alcaldes, el secretario general del SUTEYM manifest\u00f3 su reconocimiento por fortalecer a las y los sindicalizados; asimismo, reiter\u00f3 su disposici\u00f3n para colaborar con las administraciones municipales para respaldar su estabilidad y buen funcionamiento.<br><\/p>\n\n\n\n<p>El dirigente estatal enfatiz\u00f3 que la organizaci\u00f3n siempre ha privilegiado el di\u00e1logo, la comunicaci\u00f3n constante, la soluci\u00f3n de conflictos y la empat\u00eda al entender la situaci\u00f3n particular de cada municipio. Con base en lo anterior, exhort\u00f3 a los representantes sindicales a conducirse con base en los principios y valores de la organizaci\u00f3n, siempre en defensa de lo que legalmente corresponde a las y los trabajadores.<br><\/p>\n\n\n\n<p>Por su parte, los alcaldes coincidieron con el pensamiento del secretario general del SUTEYM y expresaron su voluntad para dialogar y construir acuerdos en beneficio de ambas partes.<\/p>\n","protected":false},"excerpt":{"rendered":"<p>El secretario general reiter\u00f3 su disposici\u00f3n para colaborar con las administraciones municipales para respaldar su estabilidad y buen funcionamiento. La Casa del Servidor P\u00fablico Mexiquense fue sede de la firma de los Convenios de Sueldos y Prestaciones entre el Sindicato \u00danico de Trabajadores de los Poderes, Municipios e Instituciones Descentralizadas del Estado de M\u00e9xico (SUTEYM) [&hellip;]<\/p>\n","protected":false},"author":1,"featured_media":75313,"comment_status":"closed","ping_status":"closed","sticky":false,"template":"","format":"standard","meta":{"footnotes":""},"categories":[36],"tags":[],"class_list":["post-75312","post","type-post","status-publish","format-standard","has-post-thumbnail","hentry","category-edomex"],"_links":{"self":[{"href":"https:\/\/elinformante.mx\/index.php?rest_route=\/wp\/v2\/posts\/75312","targetHints":{"allow":["GET"]}}],"collection":[{"href":"https:\/\/elinformante.mx\/index.php?rest_route=\/wp\/v2\/posts"}],"about":[{"href":"https:\/\/elinformante.mx\/index.php?rest_route=\/wp\/v2\/types\/post"}],"author":[{"embeddable":true,"href":"https:\/\/elinformante.mx\/index.php?rest_route=\/wp\/v2\/users\/1"}],"replies":[{"embeddable":true,"href":"https:\/\/elinformante.mx\/index.php?rest_route=%2Fwp%2Fv2%2Fcomments&post=75312"}],"version-history":[{"count":0,"href":"https:\/\/elinformante.mx\/index.php?rest_route=\/wp\/v2\/posts\/75312\/revisions"}],"wp:featuredmedia":[{"embeddable":true,"href":"https:\/\/elinformante.mx\/index.php?rest_route=\/wp\/v2\/media\/75313"}],"wp:attachment":[{"href":"https:\/\/elinformante.mx\/index.php?rest_route=%2Fwp%2Fv2%2Fmedia&parent=75312"}],"wp:term":[{"taxonomy":"category","embeddable":true,"href":"https:\/\/elinformante.mx\/index.php?rest_route=%2Fwp%2Fv2%2Fcategories&post=75312"},{"taxonomy":"post_tag","embeddable":true,"href":"https:\/\/elinformante.mx\/index.php?rest_route=%2Fwp%2Fv2%2Ftags&post=75312"}],"curies":[{"name":"wp","href":"https:\/\/api.w.org\/{rel}","templated":true}]}}