{"id":75315,"date":"2025-02-11T06:07:06","date_gmt":"2025-02-11T12:07:06","guid":{"rendered":"https:\/\/elinformante.mx\/?p=75315"},"modified":"2025-02-11T06:07:08","modified_gmt":"2025-02-11T12:07:08","slug":"ieem-instala-comisiones-especiales-para-el-proceso-electoral","status":"publish","type":"post","link":"https:\/\/elinformante.mx\/?p=75315","title":{"rendered":"IEEM instala comisiones especiales para el proceso electoral"},"content":{"rendered":"\n<figure class=\"wp-block-pullquote\"><blockquote><p>Dichos \u00f3rganos funcionar\u00e1n de manera temporal durante el Proceso Electoral Judicial Extraordinario 2025.<\/p><\/blockquote><\/figure>\n\n\n\n<p class=\"has-drop-cap\">El Instituto Electoral del Estado de M\u00e9xico (IEEM) instal\u00f3 las Comisiones Especiales de Seguimiento a C\u00f3mputos (CESCOM) y de Vinculaci\u00f3n con \u00d3rganos Desconcentrados (CEVOD), con la finalidad de auxiliar en la organizaci\u00f3n del Proceso Electoral Judicial Extraordinario 2025 para la elecci\u00f3n de personas juzgadoras.<br><\/p>\n\n\n\n<p>En la primera Sesi\u00f3n Ordinaria de la CEVOD, presidida por la Consejera Electoral, Karina Ivonne Vaquera Montoya, se presentaron los Lineamientos para la designaci\u00f3n de vocal\u00edas, as\u00ed como los Criterios para la designaci\u00f3n de consejer\u00edas en los \u00d3rganos Desconcentrados, mismos que ser\u00e1n remitidos al Consejo General para su aprobaci\u00f3n.<br><\/p>\n\n\n\n<p>La presidenta de la CEVOD, la Consejera Vaquera Montoya asever\u00f3 que, con la presentaci\u00f3n de ambos documentos, el IEEM avanza en la organizaci\u00f3n de este proceso electoral y se dota de formalidad y legalidad al Instituto para designar a las personas que estar\u00e1n al frente de los \u00f3rganos desconcentrados, y agradeci\u00f3 las propuestas y observaciones realizadas por las integrantes del Consejo General.<br><\/p>\n\n\n\n<p>Afirm\u00f3 que lo presentado ante la Comisi\u00f3n es producto del trabajo en equipo pues incluy\u00f3 aportaciones de la Presidencia y de diferentes \u00e1reas del IEEM, como la Direcci\u00f3n de Participaci\u00f3n Ciudadana (DPC) y la Unidad de Transparencia (UT), factor que en su conjunto, fortalece el compromiso del IEEM frente a la jornada electoral del 1 de junio.<br><\/p>\n\n\n\n<figure class=\"wp-block-image size-large\"><img fetchpriority=\"high\" decoding=\"async\" width=\"1024\" height=\"506\" src=\"https:\/\/elinformante.mx\/wp-content\/uploads\/2025\/02\/12ieem-2-1-1024x506.jpg\" alt=\"\" class=\"wp-image-75317\" srcset=\"https:\/\/elinformante.mx\/wp-content\/uploads\/2025\/02\/12ieem-2-1-1024x506.jpg 1024w, https:\/\/elinformante.mx\/wp-content\/uploads\/2025\/02\/12ieem-2-1-300x148.jpg 300w, https:\/\/elinformante.mx\/wp-content\/uploads\/2025\/02\/12ieem-2-1-768x379.jpg 768w, https:\/\/elinformante.mx\/wp-content\/uploads\/2025\/02\/12ieem-2-1.jpg 1140w\" sizes=\"(max-width: 1024px) 100vw, 1024px\" \/><\/figure>\n\n\n\n<p>La Consejera Electoral e integrante de la CEVOD, Paula Melgarejo Salgado indic\u00f3 que, tanto los lineamientos como los criterios, permitir\u00e1n al IEEM contar con las directrices necesarias para organizar el proceso electoral, pues a diferencia de otros, la selecci\u00f3n de las vocal\u00edas y consejer\u00edas ser\u00e1 de forma directa.<br><\/p>\n\n\n\n<p>La Consejera Electoral, y tambi\u00e9n integrante de la CEVOD, Sayonara Flores Palacios reconoci\u00f3 a la presidencia de la Comisi\u00f3n, as\u00ed como el acompa\u00f1amiento de todas las \u00e1reas involucradas en la conformaci\u00f3n de los lineamientos y los criterios, pues dijo, el proceso electoral es un trabajo de equipo.<br><\/p>\n\n\n\n<p>La Consejera Electoral y asistente a la Sesi\u00f3n, July Erika Armenta Paulino refiri\u00f3 que la capacitaci\u00f3n ser\u00e1 fundamental, por lo que subray\u00f3 la importancia de que el IEEM emprenda esfuerzos en profesionalizar al personal que apoyar\u00e1 en la organizaci\u00f3n de la elecci\u00f3n al tratarse de condiciones distintas a lo que sucede en procesos comiciales convencionales.<br><\/p>\n\n\n\n<p>El Secretario T\u00e9cnico de la CEVOD y Jefe de la Unidad T\u00e9cnica para la Administraci\u00f3n de Personal Electoral (UTAPE), Jos\u00e9 Rivera Flores, explic\u00f3 el proceso de designaci\u00f3n de vocal\u00edas, as\u00ed como de las sustituciones; posteriormente, el Director de Organizaci\u00f3n, V\u00edctor Hugo C\u00edntora Vilchis, detall\u00f3 c\u00f3mo se llevar\u00e1 a cabo la selecci\u00f3n de consejeras y consejeros distritales que se instalar\u00e1n en la entidad.<br><\/p>\n\n\n\n<p>Cabe se\u00f1alar que lo presentado ser\u00e1 remitido y en su caso aprobado por el Consejo General del IEEM para su posterior publicaci\u00f3n y entrada en vigor.<\/p>\n","protected":false},"excerpt":{"rendered":"<p>Dichos \u00f3rganos funcionar\u00e1n de manera temporal durante el Proceso Electoral Judicial Extraordinario 2025. El Instituto Electoral del Estado de M\u00e9xico (IEEM) instal\u00f3 las Comisiones Especiales de Seguimiento a C\u00f3mputos (CESCOM) y de Vinculaci\u00f3n con \u00d3rganos Desconcentrados (CEVOD), con la finalidad de auxiliar en la organizaci\u00f3n del Proceso Electoral Judicial Extraordinario 2025 para la elecci\u00f3n de [&hellip;]<\/p>\n","protected":false},"author":1,"featured_media":75316,"comment_status":"closed","ping_status":"closed","sticky":false,"template":"","format":"standard","meta":{"footnotes":""},"categories":[30,36],"tags":[],"class_list":["post-75315","post","type-post","status-publish","format-standard","has-post-thumbnail","hentry","category-destacado","category-edomex"],"_links":{"self":[{"href":"https:\/\/elinformante.mx\/index.php?rest_route=\/wp\/v2\/posts\/75315","targetHints":{"allow":["GET"]}}],"collection":[{"href":"https:\/\/elinformante.mx\/index.php?rest_route=\/wp\/v2\/posts"}],"about":[{"href":"https:\/\/elinformante.mx\/index.php?rest_route=\/wp\/v2\/types\/post"}],"author":[{"embeddable":true,"href":"https:\/\/elinformante.mx\/index.php?rest_route=\/wp\/v2\/users\/1"}],"replies":[{"embeddable":true,"href":"https:\/\/elinformante.mx\/index.php?rest_route=%2Fwp%2Fv2%2Fcomments&post=75315"}],"version-history":[{"count":0,"href":"https:\/\/elinformante.mx\/index.php?rest_route=\/wp\/v2\/posts\/75315\/revisions"}],"wp:featuredmedia":[{"embeddable":true,"href":"https:\/\/elinformante.mx\/index.php?rest_route=\/wp\/v2\/media\/75316"}],"wp:attachment":[{"href":"https:\/\/elinformante.mx\/index.php?rest_route=%2Fwp%2Fv2%2Fmedia&parent=75315"}],"wp:term":[{"taxonomy":"category","embeddable":true,"href":"https:\/\/elinformante.mx\/index.php?rest_route=%2Fwp%2Fv2%2Fcategories&post=75315"},{"taxonomy":"post_tag","embeddable":true,"href":"https:\/\/elinformante.mx\/index.php?rest_route=%2Fwp%2Fv2%2Ftags&post=75315"}],"curies":[{"name":"wp","href":"https:\/\/api.w.org\/{rel}","templated":true}]}}