{"id":75347,"date":"2025-02-11T06:49:53","date_gmt":"2025-02-11T12:49:53","guid":{"rendered":"https:\/\/elinformante.mx\/?p=75347"},"modified":"2025-02-11T06:49:55","modified_gmt":"2025-02-11T12:49:55","slug":"precios-de-construccion-afectados-por-aranceles-al-acero-y-al-aluminio-cmic-edomex","status":"publish","type":"post","link":"https:\/\/elinformante.mx\/?p=75347","title":{"rendered":"Precios de construcci\u00f3n afectados por aranceles al acero y al aluminio: CMIC-Edom\u00e9x"},"content":{"rendered":"\n<figure class=\"wp-block-pullquote\"><blockquote><p>Sin embargo, consideran que esta imposici\u00f3n de aranceles afectar\u00eda m\u00e1s a los Estados Unidos que a M\u00e9xico.<\/p><\/blockquote><\/figure>\n\n\n\n<p class=\"has-drop-cap\">Arnulfo Mart\u00ednez S\u00e1nchez, el presidente de la C\u00e1mara Mexicana de la Industria de la Construcci\u00f3n (CMIC) en el Estado de M\u00e9xico, indic\u00f3 que la imposici\u00f3n de aranceles al acero y aluminio, impactar\u00e1 los precios de toda la cadena productiva del sector.<br><\/p>\n\n\n\n<p>Afirm\u00f3 que a pesar de que muchos productos vienen de Estados Unidos, la industria de la construcci\u00f3n esta sumada al proyecto de la presidenta Claudia Sheinbaum, agradeci\u00f3 que lograr\u00e1 la suspenci\u00f3n por un mes a los aranceles de exportaci\u00f3n de productor mexicanos, pero se\u00f1al\u00f3 que la imposici\u00f3n al acero y al aluminio ser\u00e1 un duro golpe.<br><\/p>\n\n\n\n<p>La imposici\u00f3n de aranceles -dijo- no solo perjudica a los productores mexicanos sino a la econom\u00eda de Estados Unidos, ya que tambi\u00e9n depende mucho de lo que exporta todos los d\u00edas desde nuestro pa\u00eds.<br><\/p>\n\n\n\n<figure class=\"wp-block-image size-large\"><img fetchpriority=\"high\" decoding=\"async\" width=\"1024\" height=\"506\" src=\"https:\/\/elinformante.mx\/wp-content\/uploads\/2025\/02\/8PRECIOS-2-1024x506.jpg\" alt=\"\" class=\"wp-image-75350\" srcset=\"https:\/\/elinformante.mx\/wp-content\/uploads\/2025\/02\/8PRECIOS-2-1024x506.jpg 1024w, https:\/\/elinformante.mx\/wp-content\/uploads\/2025\/02\/8PRECIOS-2-300x148.jpg 300w, https:\/\/elinformante.mx\/wp-content\/uploads\/2025\/02\/8PRECIOS-2-768x379.jpg 768w, https:\/\/elinformante.mx\/wp-content\/uploads\/2025\/02\/8PRECIOS-2.jpg 1140w\" sizes=\"(max-width: 1024px) 100vw, 1024px\" \/><\/figure>\n\n\n\n<p>Afirm\u00f3 que el presidente Trump busca impulsar su pol\u00edtica antiinmigrante, pero que lo \u00fanico que est\u00e1 haciendo es afectar la econom\u00eda de ambos pa\u00edses.<br><\/p>\n\n\n\n<p>\u201cEstados Unidos es el principal destino de las exportaciones mexicanas de acero y aluminio, absorbiendo m\u00e1s de 80%. Entre los productos m\u00e1s afectados est\u00e1n las l\u00e1minas de acero, los tubos y barras de acero, perfiles y estructuras met\u00e1licas, as\u00ed como los alambres y cables de acero y las planchas de acero\u201d, indic\u00f3.<br><\/p>\n\n\n\n<p>Aunque hay otros insumos del sector de la construcci\u00f3n que llegan desde la uni\u00f3n americana a M\u00e9xico como las tuber\u00edas de polietileno, materiales el\u00e9ctricos, lo mismo que la maquinaria pesada para excavaci\u00f3n, movilidad y estructuras.<br><\/p>\n\n\n\n<figure class=\"wp-block-image size-large\"><img decoding=\"async\" width=\"1024\" height=\"506\" src=\"https:\/\/elinformante.mx\/wp-content\/uploads\/2025\/02\/8PRECIOS-3-1024x506.jpg\" alt=\"\" class=\"wp-image-75351\" srcset=\"https:\/\/elinformante.mx\/wp-content\/uploads\/2025\/02\/8PRECIOS-3-1024x506.jpg 1024w, https:\/\/elinformante.mx\/wp-content\/uploads\/2025\/02\/8PRECIOS-3-300x148.jpg 300w, https:\/\/elinformante.mx\/wp-content\/uploads\/2025\/02\/8PRECIOS-3-768x379.jpg 768w, https:\/\/elinformante.mx\/wp-content\/uploads\/2025\/02\/8PRECIOS-3.jpg 1140w\" sizes=\"(max-width: 1024px) 100vw, 1024px\" \/><\/figure>\n\n\n\n<p>\u201cSomos importadores directos de maquinaria, la tecnolog\u00eda que usamos en M\u00e9xico viene de all\u00e1 y los aranceles nos afectar\u00edan demasiado\u201d.<br><\/p>\n\n\n\n<p>En el caso del aluminio las exportaciones mexicanas incluyen l\u00e1minas, barras y perfiles, productos clave para industrias como la aeron\u00e1utica, la electr\u00f3nica y la construcci\u00f3n.<br><\/p>\n\n\n\n<p>Mart\u00ednez S\u00e1nchez refiri\u00f3 que la presidenta Claudia Sheinbaum ha convocado al presidente nacional de la CMIC, Luis M\u00e9ndez Jaled, para exponer la perspectiva de la industria y respaldar las decisiones del gobierno de M\u00e9xico.<br><\/p>\n\n\n\n<figure class=\"wp-block-image size-large\"><img decoding=\"async\" width=\"1024\" height=\"506\" src=\"https:\/\/elinformante.mx\/wp-content\/uploads\/2025\/02\/8PRECIOS-5-1024x506.jpg\" alt=\"\" class=\"wp-image-75352\" srcset=\"https:\/\/elinformante.mx\/wp-content\/uploads\/2025\/02\/8PRECIOS-5-1024x506.jpg 1024w, https:\/\/elinformante.mx\/wp-content\/uploads\/2025\/02\/8PRECIOS-5-300x148.jpg 300w, https:\/\/elinformante.mx\/wp-content\/uploads\/2025\/02\/8PRECIOS-5-768x379.jpg 768w, https:\/\/elinformante.mx\/wp-content\/uploads\/2025\/02\/8PRECIOS-5.jpg 1140w\" sizes=\"(max-width: 1024px) 100vw, 1024px\" \/><\/figure>\n\n\n\n<p>El anuncio del presidente Donald Trump de imponer aranceles de 25 por ciento a las importaciones de la industria sider\u00fargica y de aluminio a todos sus socios comerciales podr\u00eda impactar las exportaciones mexicanas, las cuales sumaron m\u00e1s de 13 mil 288 millones de d\u00f3lares en 2023 y representan una parte crucial de las cadenas de valor en EU.<br><\/p>\n\n\n\n<p>El presidente la Federaci\u00f3n Centro de Coparmex nacional, Jesus Trigos Rodr\u00edguez, coincidi\u00f3 en que los m\u00e1s afectados con los aranceles ser\u00e1n los estadunidenses, ya que una vez que se importen los productos mexicanos hacia aquel pa\u00eds llevar\u00e1n el incremento de dicho arancel.<br><\/p>\n\n\n\n<p>Record\u00f3 que el Tratado de Libre Comercio (T-MEC) debe hacerse valer, lamentablemente tanto M\u00e9xico como Canad\u00e1 est\u00e1n siendo presas de una decisi\u00f3n pol\u00edtica. Ser\u00e1 en los pr\u00f3ximos meses y tras los acuerdos pol\u00edticos, cuando haya una tendencia mucho m\u00e1s clara.<br><\/p>\n\n\n\n<figure class=\"wp-block-image size-large\"><img loading=\"lazy\" decoding=\"async\" width=\"1024\" height=\"506\" src=\"https:\/\/elinformante.mx\/wp-content\/uploads\/2025\/02\/8PRECIOS-6-1024x506.jpg\" alt=\"\" class=\"wp-image-75353\" srcset=\"https:\/\/elinformante.mx\/wp-content\/uploads\/2025\/02\/8PRECIOS-6-1024x506.jpg 1024w, https:\/\/elinformante.mx\/wp-content\/uploads\/2025\/02\/8PRECIOS-6-300x148.jpg 300w, https:\/\/elinformante.mx\/wp-content\/uploads\/2025\/02\/8PRECIOS-6-768x379.jpg 768w, https:\/\/elinformante.mx\/wp-content\/uploads\/2025\/02\/8PRECIOS-6.jpg 1140w\" sizes=\"(max-width: 1024px) 100vw, 1024px\" \/><\/figure>\n\n\n\n<p>Juli\u00e1n Niembro Rivera, presidente de Coparmex Estado de M\u00e9xico, indic\u00f3 que el pa\u00eds ya estaba preparado para los aranceles del acero y aluminio, tal y como pas\u00f3 en el primer mandato de Donald Trump, por lo que desde hace tiempo ha buscado otros mercados, aunque siguen preocupando otros productos que se maquilan aqu\u00ed.<br><\/p>\n\n\n\n<p>\u201cHay que ser pacientes y cautelosos, esperar tal y como lo ha dicho la presidenta, hay alternativa\u201d, dijo.<br><\/p>\n\n\n\n<p>Finalmente, mencion\u00f3 que la C\u00e1mara de Comercio de Estados Unidos tambi\u00e9n est\u00e1 en contra de la imposici\u00f3n de aranceles y ha dado todo su apoyo a M\u00e9xico.<\/p>\n\n\n\n<figure class=\"wp-block-image size-large\"><img loading=\"lazy\" decoding=\"async\" width=\"1024\" height=\"506\" src=\"https:\/\/elinformante.mx\/wp-content\/uploads\/2025\/02\/8PRECIOS-1024x506.jpg\" alt=\"\" class=\"wp-image-75354\" srcset=\"https:\/\/elinformante.mx\/wp-content\/uploads\/2025\/02\/8PRECIOS-1024x506.jpg 1024w, https:\/\/elinformante.mx\/wp-content\/uploads\/2025\/02\/8PRECIOS-300x148.jpg 300w, https:\/\/elinformante.mx\/wp-content\/uploads\/2025\/02\/8PRECIOS-768x379.jpg 768w, https:\/\/elinformante.mx\/wp-content\/uploads\/2025\/02\/8PRECIOS.jpg 1140w\" sizes=\"(max-width: 1024px) 100vw, 1024px\" \/><\/figure>\n","protected":false},"excerpt":{"rendered":"<p>Sin embargo, consideran que esta imposici\u00f3n de aranceles afectar\u00eda m\u00e1s a los Estados Unidos que a M\u00e9xico. Arnulfo Mart\u00ednez S\u00e1nchez, el presidente de la C\u00e1mara Mexicana de la Industria de la Construcci\u00f3n (CMIC) en el Estado de M\u00e9xico, indic\u00f3 que la imposici\u00f3n de aranceles al acero y aluminio, impactar\u00e1 los precios de toda la cadena [&hellip;]<\/p>\n","protected":false},"author":1,"featured_media":75349,"comment_status":"closed","ping_status":"closed","sticky":false,"template":"","format":"standard","meta":{"footnotes":""},"categories":[30,36,31],"tags":[46],"class_list":["post-75347","post","type-post","status-publish","format-standard","has-post-thumbnail","hentry","category-destacado","category-edomex","category-portada","tag-portadaedomex"],"_links":{"self":[{"href":"https:\/\/elinformante.mx\/index.php?rest_route=\/wp\/v2\/posts\/75347","targetHints":{"allow":["GET"]}}],"collection":[{"href":"https:\/\/elinformante.mx\/index.php?rest_route=\/wp\/v2\/posts"}],"about":[{"href":"https:\/\/elinformante.mx\/index.php?rest_route=\/wp\/v2\/types\/post"}],"author":[{"embeddable":true,"href":"https:\/\/elinformante.mx\/index.php?rest_route=\/wp\/v2\/users\/1"}],"replies":[{"embeddable":true,"href":"https:\/\/elinformante.mx\/index.php?rest_route=%2Fwp%2Fv2%2Fcomments&post=75347"}],"version-history":[{"count":0,"href":"https:\/\/elinformante.mx\/index.php?rest_route=\/wp\/v2\/posts\/75347\/revisions"}],"wp:featuredmedia":[{"embeddable":true,"href":"https:\/\/elinformante.mx\/index.php?rest_route=\/wp\/v2\/media\/75349"}],"wp:attachment":[{"href":"https:\/\/elinformante.mx\/index.php?rest_route=%2Fwp%2Fv2%2Fmedia&parent=75347"}],"wp:term":[{"taxonomy":"category","embeddable":true,"href":"https:\/\/elinformante.mx\/index.php?rest_route=%2Fwp%2Fv2%2Fcategories&post=75347"},{"taxonomy":"post_tag","embeddable":true,"href":"https:\/\/elinformante.mx\/index.php?rest_route=%2Fwp%2Fv2%2Ftags&post=75347"}],"curies":[{"name":"wp","href":"https:\/\/api.w.org\/{rel}","templated":true}]}}