{"id":75362,"date":"2025-02-11T06:59:40","date_gmt":"2025-02-11T12:59:40","guid":{"rendered":"https:\/\/elinformante.mx\/?p=75362"},"modified":"2025-02-11T06:59:43","modified_gmt":"2025-02-11T12:59:43","slug":"un-tema-prioritario-para-el-gobierno-de-la-cdmx-es-la-infancia","status":"publish","type":"post","link":"https:\/\/elinformante.mx\/?p=75362","title":{"rendered":"Un tema prioritario para el gobierno de la CDMX es la infancia"},"content":{"rendered":"\n<figure class=\"wp-block-pullquote\"><blockquote><p>Inauguran Foro de consulta \u201cRep\u00fablica de y para la Ni\u00f1ez y Adolescencia\u201d; participan ni\u00f1os de entre 8 y 17 a\u00f1os de las 16 alcald\u00edas<\/p><\/blockquote><\/figure>\n\n\n\n<p class=\"has-drop-cap\">La infancia es un tema prioritario para el gobierno de la Ciudad de M\u00e9xico, encabezado por Clara Brugada Molina, reafirmaron Beatriz Rojas Mart\u00ednez, directora del DIF, y la secretaria del Bienestar, Estela Dami\u00e1n Gonz\u00e1lez, en la inauguraci\u00f3n del foro de consulta \u201cRep\u00fablica de y para la Ni\u00f1ez y Adolescencia\u201d, que busca sumar propuestas al Plan Nacional de Desarrollo 2025-2030 y al Programa Nacional de Protecci\u00f3n Integral de Ni\u00f1as, Ni\u00f1os y Adolescentes (PRONAPINNA).<br><\/p>\n\n\n\n<p>En el Centro de Estudios Interculturales (CEIN), en el que se dieron cita peque\u00f1os y peque\u00f1as, acompa\u00f1ados por sus pap\u00e1s, de entre 8 a 17 a\u00f1os, la directora general del DIF y secretaria Ejecutiva del Sistema de Protecci\u00f3n Integral de Ni\u00f1os, Ni\u00f1as y Adolescentes (SIPINNA) en la Ciudad de M\u00e9xico reiter\u00f3 su compromiso de resguardar y hacer cumplir los derechos humanos de las y los menores.<br><\/p>\n\n\n\n<p>Tras agradecer la participaci\u00f3n de las organizaciones de la sociedad civil, las cuales todos los d\u00edas trabajan en el cumplimiento de los derechos humanos de la infancia y adolescencia, se\u00f1al\u00f3 que solo con el trabajo conjunto se podr\u00e1 cumplir con la encomienda de salvaguardar los derechos de las y los menores.<br><\/p>\n\n\n\n<p>\u201cEste gobierno tiene como pol\u00edtica p\u00fablica prioritaria el bienestar de las ni\u00f1as, los ni\u00f1os y los adolescentes, y como servidoras y servidores p\u00fablicos nos da esta encomienda \u201c, enfatiz\u00f3 ante la presencia de la secretaria Ejecutiva de SIPINNA nacional, Lorena Villavicencio, alcaldes, diputados y representantes del Poder Judicial de la Ciudad de M\u00e9xico.<br><\/p>\n\n\n\n<p>Sin duda el compromiso es garantizar el inter\u00e9s pleno de la ni\u00f1ez y asegurar el ejercicio pleno de sus derechos, desde sus necesidades fundamentales de desarrollo integral hasta el sano y adecuado esparcimiento.<br><\/p>\n\n\n\n<p>Record\u00f3 que la CDMX ocupa el sexto lugar con mayor poblaci\u00f3n de este sector de la poblaci\u00f3n, con dos millones de personas de entre 0 y 17 a\u00f1os de edad, de los cuales siete mil hablan una lengua ind\u00edgena, 30 mil se reconocen como afromexicanos o afrodescendientes y 158 mil tiene alguna discapacidad.<br><\/p>\n\n\n\n<p>En el tema de la violencia en las escuelas, dijo a todos preocupa y propuso hacer una labor conjunta con la secretar\u00eda de Educaci\u00f3n P\u00fablica, para capacitar a las maestras y maestros para canalizar ni\u00f1as, ni\u00f1os y adolescentes a las \u00e1reas correspondientes a quienes presenten maltrato en sus hogares.<br><\/p>\n\n\n\n<p>La secretaria de Bienestar e Igualdad Social, Araceli Dami\u00e1n Gonz\u00e1lez, se\u00f1al\u00f3 que las autoridades capitalinas est\u00e1n muy alertas para atender los casos de violencia a ni\u00f1os, ni\u00f1as y adolescentes.<br><\/p>\n\n\n\n<p>Se har\u00e1 una estrategia con la Secretar\u00eda de Educaci\u00f3n P\u00fablica (SEP), a fin de tener este v\u00ednculo para que los profesores sepan que hacer en los momentos que se presenta violencia en las escuelas, vamos a tratar de caminar con los ni\u00f1os, ni\u00f1as y adolescentes para reducir la violencia, porque tienen el derecho de vivir una vida sana, plena y sin violencia y con cuidado.<br><\/p>\n\n\n\n<p>La secretaria Ejecutiva del SIPINNA nacional, Lorena Villavicencio, dijo que hay una deuda hist\u00f3rica con las ni\u00f1as, toda vez que de los 38 millones de ni\u00f1os, ni\u00f1as y adolescentes en el pa\u00eds una tercera parte siguen viviendo en pobreza.<\/p>\n","protected":false},"excerpt":{"rendered":"<p>Inauguran Foro de consulta \u201cRep\u00fablica de y para la Ni\u00f1ez y Adolescencia\u201d; participan ni\u00f1os de entre 8 y 17 a\u00f1os de las 16 alcald\u00edas La infancia es un tema prioritario para el gobierno de la Ciudad de M\u00e9xico, encabezado por Clara Brugada Molina, reafirmaron Beatriz Rojas Mart\u00ednez, directora del DIF, y la secretaria del Bienestar, [&hellip;]<\/p>\n","protected":false},"author":1,"featured_media":75363,"comment_status":"closed","ping_status":"closed","sticky":false,"template":"","format":"standard","meta":{"footnotes":""},"categories":[35],"tags":[],"class_list":["post-75362","post","type-post","status-publish","format-standard","has-post-thumbnail","hentry","category-cdmx"],"_links":{"self":[{"href":"https:\/\/elinformante.mx\/index.php?rest_route=\/wp\/v2\/posts\/75362","targetHints":{"allow":["GET"]}}],"collection":[{"href":"https:\/\/elinformante.mx\/index.php?rest_route=\/wp\/v2\/posts"}],"about":[{"href":"https:\/\/elinformante.mx\/index.php?rest_route=\/wp\/v2\/types\/post"}],"author":[{"embeddable":true,"href":"https:\/\/elinformante.mx\/index.php?rest_route=\/wp\/v2\/users\/1"}],"replies":[{"embeddable":true,"href":"https:\/\/elinformante.mx\/index.php?rest_route=%2Fwp%2Fv2%2Fcomments&post=75362"}],"version-history":[{"count":0,"href":"https:\/\/elinformante.mx\/index.php?rest_route=\/wp\/v2\/posts\/75362\/revisions"}],"wp:featuredmedia":[{"embeddable":true,"href":"https:\/\/elinformante.mx\/index.php?rest_route=\/wp\/v2\/media\/75363"}],"wp:attachment":[{"href":"https:\/\/elinformante.mx\/index.php?rest_route=%2Fwp%2Fv2%2Fmedia&parent=75362"}],"wp:term":[{"taxonomy":"category","embeddable":true,"href":"https:\/\/elinformante.mx\/index.php?rest_route=%2Fwp%2Fv2%2Fcategories&post=75362"},{"taxonomy":"post_tag","embeddable":true,"href":"https:\/\/elinformante.mx\/index.php?rest_route=%2Fwp%2Fv2%2Ftags&post=75362"}],"curies":[{"name":"wp","href":"https:\/\/api.w.org\/{rel}","templated":true}]}}