{"id":75365,"date":"2025-02-11T07:02:11","date_gmt":"2025-02-11T13:02:11","guid":{"rendered":"https:\/\/elinformante.mx\/?p=75365"},"modified":"2025-02-11T07:02:16","modified_gmt":"2025-02-11T13:02:16","slug":"arranca-clara-brugada-programa-de-auxilio-escolar-para-garantizar-entornos-seguros","status":"publish","type":"post","link":"https:\/\/elinformante.mx\/?p=75365","title":{"rendered":"Arranca Clara Brugada programa de Auxilio Escolar para garantizar entornos seguros"},"content":{"rendered":"\n<figure class=\"wp-block-pullquote\"><blockquote><p>La estrategia beneficiar\u00e1 de manera universal a casi 3 millones de alumnos, asegurando que cada escuela p\u00fablica cuente con presencia y acompa\u00f1amiento para que los estudiantes puedan transitar de forma segura<br>Se intervendr\u00e1n 500 planteles en condiciones vulnerables, con una inversi\u00f3n de hasta 2.5 millones de pesos por instituci\u00f3n, anunci\u00f3 la mandataria<\/p><\/blockquote><\/figure>\n\n\n\n<p class=\"has-drop-cap\">La jefa de Gobierno de la Ciudad de M\u00e9xico, Clara Brugada Molina, puso en marcha el Programa de Auxilio Escolar, que tiene como objetivo garantizar la seguridad y el bienestar de los estudiantes de secundaria y nivel medio superior en la capital.<br><\/p>\n\n\n\n<p>Brugada destac\u00f3 que este programa beneficiar\u00e1 de manera universal a casi 3 millones de alumnos, asegurando que cada escuela p\u00fablica cuente con presencia y acompa\u00f1amiento para que los estudiantes puedan transitar de forma segura en su entorno escolar.<br><\/p>\n\n\n\n<p>Precis\u00f3 que en esta primera etapa, el programa abarcar\u00e1 a 906 mil estudiantes de 440 escuelas p\u00fablicas.<br><\/p>\n\n\n\n<p>La mandataria subray\u00f3 que el programa no se limitar\u00e1 a la vigilancia en las salidas de las escuelas, sino que busca transformar la manera en que se concibe la seguridad y convivencia en estos espacios.<br><\/p>\n\n\n\n<p>Para ello, cada plantel contar\u00e1 con un servidor p\u00fablico del programa Paz y Auxilio Escolar, quien monitorear\u00e1 el territorio y se coordinar\u00e1 con la Secretar\u00eda de Seguridad Ciudadana, la Comisi\u00f3n de Derechos Humanos, y las autoridades educativas locales y federales.<br><\/p>\n\n\n\n<p>Adem\u00e1s de estos funcionarios, el C5 realizar\u00e1 un monitoreo constante en los alrededores de los planteles para detectar cualquier situaci\u00f3n de riesgo y coordinar una respuesta inmediata con patrullas, ambulancias y otros servicios de emergencia en caso de ser necesario.<br><\/p>\n\n\n\n<p>El programa tambi\u00e9n promover\u00e1 la cultura de la paz dentro de las escuelas, a trav\u00e9s de talleres y actividades dise\u00f1adas en conjunto con instituciones educativas y organizaciones de derechos humanos.<br><\/p>\n\n\n\n<p>Estas iniciativas permitir\u00e1n que los j\u00f3venes desarrollen herramientas para la resoluci\u00f3n de conflictos, construcci\u00f3n de comunidad y el fortalecimiento de la convivencia escolar.<br><\/p>\n\n\n\n<p>Brugada Molina anunci\u00f3 un plan de iluminaci\u00f3n y mejoramiento de caminos seguros en m\u00e1s de 400 escuelas. Este proyecto no solo contempla el reemplazo de l\u00e1mparas, sino la instalaci\u00f3n de nuevas luminarias de alta intensidad para transformar las principales avenidas y calles cercanas a los planteles.<br><\/p>\n\n\n\n<p>La Jefa de Gobierno record\u00f3 que, gracias al programa \u201c1, 2, 3 por mi Escuela\u201d, se intervendr\u00e1n 500 planteles en condiciones vulnerables, con una inversi\u00f3n de hasta 2.5 millones de pesos por escuela. Esta iniciativa permitir\u00e1 la rehabilitaci\u00f3n de techos, patios, ba\u00f1os y la entrega de mobiliario nuevo para los salones de clases.<br><\/p>\n\n\n\n<p>El secretario de Educaci\u00f3n P\u00fablica (SEP), Mario Delgado Carrillo, afirm\u00f3 que con el Programa de Auxilio Escolar en la Ciudad de M\u00e9xico se busca que las y los ni\u00f1os, las y los adolescentes, las y los j\u00f3venes, lleguen seguros a las escuelas, y cuando salgan puedan regresar con toda tranquilidad a sus casas.<br><\/p>\n\n\n\n<p>Destac\u00f3 la importancia de fortalecer la Educaci\u00f3n Media Superior como una estrategia clave para erradicar la venta y el consumo de drogas entre los j\u00f3venes.<br><\/p>\n\n\n\n<p>El titular de la SEP se\u00f1al\u00f3 que para este a\u00f1o el examen de COMIPEMS desaparece, ampli\u00e1ndose en la Ciudad de M\u00e9xico y Zona Metropolitana alrededor de 20 mil lugares, para que ning\u00fan joven se quede fuera de la Educaci\u00f3n Media Superior.<\/p>\n","protected":false},"excerpt":{"rendered":"<p>La estrategia beneficiar\u00e1 de manera universal a casi 3 millones de alumnos, asegurando que cada escuela p\u00fablica cuente con presencia y acompa\u00f1amiento para que los estudiantes puedan transitar de forma seguraSe intervendr\u00e1n 500 planteles en condiciones vulnerables, con una inversi\u00f3n de hasta 2.5 millones de pesos por instituci\u00f3n, anunci\u00f3 la mandataria La jefa de Gobierno [&hellip;]<\/p>\n","protected":false},"author":1,"featured_media":75366,"comment_status":"closed","ping_status":"closed","sticky":false,"template":"","format":"standard","meta":{"footnotes":""},"categories":[35,30],"tags":[],"class_list":["post-75365","post","type-post","status-publish","format-standard","has-post-thumbnail","hentry","category-cdmx","category-destacado"],"_links":{"self":[{"href":"https:\/\/elinformante.mx\/index.php?rest_route=\/wp\/v2\/posts\/75365","targetHints":{"allow":["GET"]}}],"collection":[{"href":"https:\/\/elinformante.mx\/index.php?rest_route=\/wp\/v2\/posts"}],"about":[{"href":"https:\/\/elinformante.mx\/index.php?rest_route=\/wp\/v2\/types\/post"}],"author":[{"embeddable":true,"href":"https:\/\/elinformante.mx\/index.php?rest_route=\/wp\/v2\/users\/1"}],"replies":[{"embeddable":true,"href":"https:\/\/elinformante.mx\/index.php?rest_route=%2Fwp%2Fv2%2Fcomments&post=75365"}],"version-history":[{"count":0,"href":"https:\/\/elinformante.mx\/index.php?rest_route=\/wp\/v2\/posts\/75365\/revisions"}],"wp:featuredmedia":[{"embeddable":true,"href":"https:\/\/elinformante.mx\/index.php?rest_route=\/wp\/v2\/media\/75366"}],"wp:attachment":[{"href":"https:\/\/elinformante.mx\/index.php?rest_route=%2Fwp%2Fv2%2Fmedia&parent=75365"}],"wp:term":[{"taxonomy":"category","embeddable":true,"href":"https:\/\/elinformante.mx\/index.php?rest_route=%2Fwp%2Fv2%2Fcategories&post=75365"},{"taxonomy":"post_tag","embeddable":true,"href":"https:\/\/elinformante.mx\/index.php?rest_route=%2Fwp%2Fv2%2Ftags&post=75365"}],"curies":[{"name":"wp","href":"https:\/\/api.w.org\/{rel}","templated":true}]}}