{"id":75371,"date":"2025-02-11T07:09:46","date_gmt":"2025-02-11T13:09:46","guid":{"rendered":"https:\/\/elinformante.mx\/?p=75371"},"modified":"2025-02-11T07:09:48","modified_gmt":"2025-02-11T13:09:48","slug":"aeropuerto-internacional-de-oaxaca-realizara-ampliaciones","status":"publish","type":"post","link":"https:\/\/elinformante.mx\/?p=75371","title":{"rendered":"Aeropuerto Internacional de Oaxaca realizar\u00e1 ampliaciones"},"content":{"rendered":"\n<figure class=\"wp-block-pullquote\"><blockquote><p>Se busca cuadruplicar la infraestructura de la terminal a\u00e9rea de 7,000 a 28,000 metros cuadrados.<\/p><\/blockquote><\/figure>\n\n\n\n<p class=\"has-drop-cap\">Salom\u00f3n Jara Cruz, gobernador de Oaxaca, inform\u00f3 sobre los trabajos de remodelaci\u00f3n al Aeropuerto Internacional de Oaxaca, buscando consolidar al estado como un destino tur\u00edstico de talla mundial.<br><\/p>\n\n\n\n<p>El mandatario estatal destac\u00f3 la confianza depositada en el estado por parte de la empresa Aeropuertos del Sureste (Asur), que realiz\u00f3 una inversi\u00f3n de 2,120 millones de pesos para esta obra.<br><\/p>\n\n\n\n<p>Se cuadruplicar\u00e1 la infraestructura de la terminal a\u00e9rea, que pasar\u00e1 de 7,000 a 28,000 metros cuadrados, lo que mejorar\u00e1 la movilidad, adem\u00e1s de impulsar el potencial econ\u00f3mico de Oaxaca.<br><\/p>\n\n\n\n<p>Con esta expansi\u00f3n se busca atraer beneficios tangibles para las y los oaxaque\u00f1os, duplicando la llegada de visitantes, donde el impacto econ\u00f3mico ser\u00eda contundente.<br><\/p>\n\n\n\n<p>Esta nueva terminal duplicar\u00e1 su capacidad operativa y fortalecer\u00e1 la conectividad, lo que facilitar\u00e1 el comercio exterior con mayores exportaciones e importaciones, asegur\u00f3 el gobernador.<br><\/p>\n\n\n\n<p>Agreg\u00f3 que esta nueva era de conectividad y desarrollo traer\u00e1 beneficios tangibles, como el incremento de vuelos internacionales, el flujo de visitantes extranjeros y la entrada de divisas, impulsando el desarrollo econ\u00f3mico y consolidando al estado como un referente del turismo y la inversi\u00f3n en M\u00e9xico.<br><\/p>\n\n\n\n<p>Jara Cruz afirm\u00f3 que este proyecto responde al posicionamiento de Oaxaca como un destino estrat\u00e9gico para la inversi\u00f3n, lo que ratifica su lugar como el estado con mayor crecimiento en el sur-sureste del pa\u00eds, as\u00ed como su segundo lugar a nivel nacional, detr\u00e1s de Durango.<br><\/p>\n\n\n\n<p>Destac\u00f3 que, al cierre de diciembre del 2024, este aeropuerto registr\u00f3 un aumento de 5.52% en el tr\u00e1fico de pasajeros, lo que represent\u00f3 93,531 viajeros adicionales.<br><\/p>\n\n\n\n<p>Respecto a los pasajeros nacionales, hubo un alza de 5.12%, mientras que en pasajeros internacionales increment\u00f3 un 20.28%, lo que muestra el creciente atractivo de Oaxaca en el escenario global.<br><\/p>\n\n\n\n<p>El administrador general del Aeropuerto Internacional de Oaxaca, Jorge Carlos Campos Romero, se\u00f1al\u00f3 que los trabajos de remodelaci\u00f3n y ampliaci\u00f3n comenzaron en enero de este a\u00f1o y se prev\u00e9 que concluyan en diciembre del 2028.<br><\/p>\n\n\n\n<p>Explic\u00f3 que las \u00e1reas que se intervendr\u00e1n son: mostradores de documentaci\u00f3n, filtros de revisi\u00f3n de pasajeros, recepci\u00f3n de equipaje nacional e internacional, m\u00f3dulos de migraci\u00f3n, l\u00edneas de inspecci\u00f3n de aduanas, posiciones de aeronaves, aeropasillos, sala de \u00faltima espera, \u00e1rea comercial, elevadores y escaleras el\u00e9ctricas.<\/p>\n","protected":false},"excerpt":{"rendered":"<p>Se busca cuadruplicar la infraestructura de la terminal a\u00e9rea de 7,000 a 28,000 metros cuadrados. Salom\u00f3n Jara Cruz, gobernador de Oaxaca, inform\u00f3 sobre los trabajos de remodelaci\u00f3n al Aeropuerto Internacional de Oaxaca, buscando consolidar al estado como un destino tur\u00edstico de talla mundial. El mandatario estatal destac\u00f3 la confianza depositada en el estado por parte [&hellip;]<\/p>\n","protected":false},"author":1,"featured_media":75373,"comment_status":"closed","ping_status":"closed","sticky":false,"template":"","format":"standard","meta":{"footnotes":""},"categories":[34],"tags":[],"class_list":["post-75371","post","type-post","status-publish","format-standard","has-post-thumbnail","hentry","category-nacional"],"_links":{"self":[{"href":"https:\/\/elinformante.mx\/index.php?rest_route=\/wp\/v2\/posts\/75371","targetHints":{"allow":["GET"]}}],"collection":[{"href":"https:\/\/elinformante.mx\/index.php?rest_route=\/wp\/v2\/posts"}],"about":[{"href":"https:\/\/elinformante.mx\/index.php?rest_route=\/wp\/v2\/types\/post"}],"author":[{"embeddable":true,"href":"https:\/\/elinformante.mx\/index.php?rest_route=\/wp\/v2\/users\/1"}],"replies":[{"embeddable":true,"href":"https:\/\/elinformante.mx\/index.php?rest_route=%2Fwp%2Fv2%2Fcomments&post=75371"}],"version-history":[{"count":0,"href":"https:\/\/elinformante.mx\/index.php?rest_route=\/wp\/v2\/posts\/75371\/revisions"}],"wp:featuredmedia":[{"embeddable":true,"href":"https:\/\/elinformante.mx\/index.php?rest_route=\/wp\/v2\/media\/75373"}],"wp:attachment":[{"href":"https:\/\/elinformante.mx\/index.php?rest_route=%2Fwp%2Fv2%2Fmedia&parent=75371"}],"wp:term":[{"taxonomy":"category","embeddable":true,"href":"https:\/\/elinformante.mx\/index.php?rest_route=%2Fwp%2Fv2%2Fcategories&post=75371"},{"taxonomy":"post_tag","embeddable":true,"href":"https:\/\/elinformante.mx\/index.php?rest_route=%2Fwp%2Fv2%2Ftags&post=75371"}],"curies":[{"name":"wp","href":"https:\/\/api.w.org\/{rel}","templated":true}]}}