{"id":75375,"date":"2025-02-11T07:12:02","date_gmt":"2025-02-11T13:12:02","guid":{"rendered":"https:\/\/elinformante.mx\/?p=75375"},"modified":"2025-02-11T07:12:04","modified_gmt":"2025-02-11T13:12:04","slug":"en-guerrero-han-desaparecido-2150-mujeres-en-dos-anos","status":"publish","type":"post","link":"https:\/\/elinformante.mx\/?p=75375","title":{"rendered":"En Guerrero han desaparecido 2,150 mujeres en dos a\u00f1os"},"content":{"rendered":"\n<figure class=\"wp-block-pullquote\"><blockquote><p>La edad de las mujeres desaparecidas oscila entre los 15 a 25 a\u00f1os, denuncian colectivos feministas.<\/p><\/blockquote><\/figure>\n\n\n\n<p class=\"has-drop-cap\">Los colectivos feministas ha declarado que en los \u00faltimos dos a\u00f1os se han registrado 2,150 casos de desaparici\u00f3n forzada de mujeres con edades de entre 15 a 25 a\u00f1os en Guerrero.<br><\/p>\n\n\n\n<p>De acuerdo a cifras oficiales, en la entidad se han registrado 91 feminicidios en los \u00faltimos seis a\u00f1os. Sin embargo la gobernadora Evelyn Salgado presume que vivimos en un santuario, pero es falso, se\u00f1alaron.<br><\/p>\n\n\n\n<p>Prepar\u00e1ndose y en el marco del 8M, feministas, activistas y defensoras de derechos humanos, anunciaron una movilizaci\u00f3n en la capital del estado para exigir la presentaci\u00f3n de las mujeres desaparecidas y justicia en los feminicidios.<br><\/p>\n\n\n\n<p>La activista Ana Lidia Ram\u00edrez Lorenzo, defensora de los derechos humanos de las mujeres y fundadora de la red de apoyo Metamorfosis, inform\u00f3 que del 2018 a agosto de 2024 se han registrado en Guerrero 91 feminicidios colocando a la entidad en el lugar 21 con mayor n\u00famero de casos en el pa\u00eds.<br><\/p>\n\n\n\n<p>La feminista Anelys Justo Faustino revel\u00f3 que desde 2022 a 2024 se han contabilizado 2 mil 150 desapariciones forzadas de mujeres.<br><\/p>\n\n\n\n<p>La edad de la mayor\u00eda de las v\u00edctimas oscila entre los 15 a los 25 a\u00f1os y presumen que el alarmante n\u00famero de casos podr\u00eda estar relacionado con el delito de trata, dijo.<br><\/p>\n\n\n\n<p>En el a\u00f1o 2022 fueron contabilizados 690 casos; en 2023, 731, y en 2024, 729, y los municipios que han registrado mayor n\u00famero de mujeres v\u00edctimas de desaparici\u00f3n forzada son Acapulco, Chilpancingo, Iguala y Chilapa.<br><\/p>\n\n\n\n<p>\u201cLas autoridades estatales presumen que vivimos en un santuario, pero es falso. En ning\u00fan santuario deber\u00eda haber familias donde haga falta una madre, una hermana, una sobrina\u201d.<br><\/p>\n\n\n\n<p>Las activistas exigieron a la Fiscal\u00eda General del Estado de Guerrero (FGE) un informe oficial pormenorizado del n\u00famero de denuncias por desaparici\u00f3n de mujeres, cu\u00e1ntas han sido localizadas con vida, cu\u00e1ntas sin vida y cu\u00e1ntas contin\u00faan en calidad de desaparecidas.<\/p>\n","protected":false},"excerpt":{"rendered":"<p>La edad de las mujeres desaparecidas oscila entre los 15 a 25 a\u00f1os, denuncian colectivos feministas. Los colectivos feministas ha declarado que en los \u00faltimos dos a\u00f1os se han registrado 2,150 casos de desaparici\u00f3n forzada de mujeres con edades de entre 15 a 25 a\u00f1os en Guerrero. De acuerdo a cifras oficiales, en la entidad [&hellip;]<\/p>\n","protected":false},"author":1,"featured_media":75376,"comment_status":"closed","ping_status":"closed","sticky":false,"template":"","format":"standard","meta":{"footnotes":""},"categories":[30,34],"tags":[],"class_list":["post-75375","post","type-post","status-publish","format-standard","has-post-thumbnail","hentry","category-destacado","category-nacional"],"_links":{"self":[{"href":"https:\/\/elinformante.mx\/index.php?rest_route=\/wp\/v2\/posts\/75375","targetHints":{"allow":["GET"]}}],"collection":[{"href":"https:\/\/elinformante.mx\/index.php?rest_route=\/wp\/v2\/posts"}],"about":[{"href":"https:\/\/elinformante.mx\/index.php?rest_route=\/wp\/v2\/types\/post"}],"author":[{"embeddable":true,"href":"https:\/\/elinformante.mx\/index.php?rest_route=\/wp\/v2\/users\/1"}],"replies":[{"embeddable":true,"href":"https:\/\/elinformante.mx\/index.php?rest_route=%2Fwp%2Fv2%2Fcomments&post=75375"}],"version-history":[{"count":0,"href":"https:\/\/elinformante.mx\/index.php?rest_route=\/wp\/v2\/posts\/75375\/revisions"}],"wp:featuredmedia":[{"embeddable":true,"href":"https:\/\/elinformante.mx\/index.php?rest_route=\/wp\/v2\/media\/75376"}],"wp:attachment":[{"href":"https:\/\/elinformante.mx\/index.php?rest_route=%2Fwp%2Fv2%2Fmedia&parent=75375"}],"wp:term":[{"taxonomy":"category","embeddable":true,"href":"https:\/\/elinformante.mx\/index.php?rest_route=%2Fwp%2Fv2%2Fcategories&post=75375"},{"taxonomy":"post_tag","embeddable":true,"href":"https:\/\/elinformante.mx\/index.php?rest_route=%2Fwp%2Fv2%2Ftags&post=75375"}],"curies":[{"name":"wp","href":"https:\/\/api.w.org\/{rel}","templated":true}]}}