{"id":75531,"date":"2025-02-13T06:09:05","date_gmt":"2025-02-13T12:09:05","guid":{"rendered":"https:\/\/elinformante.mx\/?p=75531"},"modified":"2025-02-13T06:09:21","modified_gmt":"2025-02-13T12:09:21","slug":"invierte-edomex-en-obras-para-mejorar-instalaciones-de-universidades-y-normales","status":"publish","type":"post","link":"https:\/\/elinformante.mx\/?p=75531","title":{"rendered":"Invierte Edom\u00e9x en obras para mejorar instalaciones de universidades y normales"},"content":{"rendered":"\n<figure class=\"wp-block-pullquote\"><blockquote><p>La nueva infraestructura fue entregada a la Universidad Polit\u00e9cnica del Valle de M\u00e9xico, la Universidad Mexiquense del Bicentenario y la Escuela Normal Superior de Santiago Tianguistenco.<\/p><\/blockquote><\/figure>\n\n\n\n<p class=\"has-drop-cap\">Con la finalidad de dotar de espacios dignos al estudiantado mexiquenses, el Gobierno del Estado de M\u00e9xico entreg\u00f3 obras por m\u00e1s de 19 millones de pesos en beneficio de 6 mil 778 estudiantes de la Universidad Polit\u00e9cnica del Valle de M\u00e9xico (UPVM), la Universidad Mexiquense del Bicentenario (UMB) y la Escuela Normal Superior de Santiago Tianguistenco.<br><\/p>\n\n\n\n<p>Al recorrer estos espacios, Miguel \u00c1ngel Hern\u00e1ndez Espejel, Secretario de Educaci\u00f3n, Ciencia, Tecnolog\u00eda e Innovaci\u00f3n (SECTI), destac\u00f3 que, por instrucci\u00f3n de la Gobernadora Delfina G\u00f3mez \u00c1lvarez, se acompa\u00f1a de manera directa a estudiantes y docentes mexiquenses mediante la supervisi\u00f3n de los planteles educativos para conocer sus necesidades y solventarlas.<br><\/p>\n\n\n\n<figure class=\"wp-block-image size-large\"><img fetchpriority=\"high\" decoding=\"async\" width=\"1024\" height=\"506\" src=\"https:\/\/elinformante.mx\/wp-content\/uploads\/2025\/02\/11invierte-2-1024x506.jpg\" alt=\"\" class=\"wp-image-75532\" srcset=\"https:\/\/elinformante.mx\/wp-content\/uploads\/2025\/02\/11invierte-2-1024x506.jpg 1024w, https:\/\/elinformante.mx\/wp-content\/uploads\/2025\/02\/11invierte-2-300x148.jpg 300w, https:\/\/elinformante.mx\/wp-content\/uploads\/2025\/02\/11invierte-2-768x379.jpg 768w, https:\/\/elinformante.mx\/wp-content\/uploads\/2025\/02\/11invierte-2.jpg 1140w\" sizes=\"(max-width: 1024px) 100vw, 1024px\" \/><\/figure>\n\n\n\n<p>\u201cVamos avanzando poco a poco, con la participaci\u00f3n de todos, en beneficio de ustedes, que tienen la oportunidad de prepararse para su futuro. Ustedes ya est\u00e1n en un nivel superior, y nuestro objetivo es que logren sus metas, empezando por concluir su carrera\u201d, expres\u00f3 el titular de la SECTI.<br><\/p>\n\n\n\n<p>Inform\u00f3 a los alumnos sobre los apoyos a la formaci\u00f3n acad\u00e9mica, como la Beca para el Bienestar de Educaci\u00f3n Superior \u201cJ\u00f3venes Escribiendo el Futuro\u201d del Gobierno de M\u00e9xico, cuya convocatoria ya est\u00e1 abierta. Tambi\u00e9n la \u201cBeca para el Bienestar por Aprovechamiento Acad\u00e9mico\u201d y la \u201cBeca Viajes al Extranjero para el Bienestar\u201d del Estado de M\u00e9xico.<br><\/p>\n\n\n\n<p>V\u00edctor S\u00e1nchez Gonz\u00e1lez, Subsecretario de Educaci\u00f3n Superior y Normal, subray\u00f3 que el compromiso del Gobierno estatal es garantizar la seguridad de la comunidad escolar y fortalecer la calidad de la formaci\u00f3n superior mediante programas de movilidad estudiantil, becas y la mejora de la infraestructura educativa.<br><\/p>\n\n\n\n<figure class=\"wp-block-image size-large\"><img decoding=\"async\" width=\"1024\" height=\"506\" src=\"https:\/\/elinformante.mx\/wp-content\/uploads\/2025\/02\/11invierte-3-1024x506.jpg\" alt=\"\" class=\"wp-image-75533\" srcset=\"https:\/\/elinformante.mx\/wp-content\/uploads\/2025\/02\/11invierte-3-1024x506.jpg 1024w, https:\/\/elinformante.mx\/wp-content\/uploads\/2025\/02\/11invierte-3-300x148.jpg 300w, https:\/\/elinformante.mx\/wp-content\/uploads\/2025\/02\/11invierte-3-768x379.jpg 768w, https:\/\/elinformante.mx\/wp-content\/uploads\/2025\/02\/11invierte-3.jpg 1140w\" sizes=\"(max-width: 1024px) 100vw, 1024px\" \/><\/figure>\n\n\n\n<p>Hernando Peniche Montfort, Director General del Instituto Mexiquense de la Infraestructura F\u00edsica Educativa (IMIFE), explic\u00f3 que, en la UPVM se invirtieron 9.8 millones de pesos del Fondo de Aportaciones M\u00faltiples en la construcci\u00f3n de la barda perimetral y la aplicaci\u00f3n de pintura vin\u00edlica en su superficie, recursos federales aplicados para beneficiar a m\u00e1s de 5 mil alumnos.<br><\/p>\n\n\n\n<p>Mientras que, en la UMB Plantel Tultepec, se destinaron 4.4 millones de pesos para la terminaci\u00f3n de la construcci\u00f3n de una Unidad Acad\u00e9mica Departamental tipo II, mejorando las instalaciones para m\u00e1s de mil estudiantes.<br><\/p>\n\n\n\n<p>Por otra parte, en la Escuela Normal Superior de Santiago Tianguistenco, el Secretario Miguel \u00c1ngel Hern\u00e1ndez Espejel entreg\u00f3 las obras de construcci\u00f3n de seis aulas y escaleras, as\u00ed como trabajos de impermeabilizaci\u00f3n en seis edificios, con una inversi\u00f3n de 5.1 millones de pesos en beneficio de 439 estudiantes.<\/p>\n","protected":false},"excerpt":{"rendered":"<p>La nueva infraestructura fue entregada a la Universidad Polit\u00e9cnica del Valle de M\u00e9xico, la Universidad Mexiquense del Bicentenario y la Escuela Normal Superior de Santiago Tianguistenco. Con la finalidad de dotar de espacios dignos al estudiantado mexiquenses, el Gobierno del Estado de M\u00e9xico entreg\u00f3 obras por m\u00e1s de 19 millones de pesos en beneficio de [&hellip;]<\/p>\n","protected":false},"author":1,"featured_media":75534,"comment_status":"closed","ping_status":"closed","sticky":false,"template":"","format":"standard","meta":{"footnotes":""},"categories":[30,36],"tags":[],"class_list":["post-75531","post","type-post","status-publish","format-standard","has-post-thumbnail","hentry","category-destacado","category-edomex"],"_links":{"self":[{"href":"https:\/\/elinformante.mx\/index.php?rest_route=\/wp\/v2\/posts\/75531","targetHints":{"allow":["GET"]}}],"collection":[{"href":"https:\/\/elinformante.mx\/index.php?rest_route=\/wp\/v2\/posts"}],"about":[{"href":"https:\/\/elinformante.mx\/index.php?rest_route=\/wp\/v2\/types\/post"}],"author":[{"embeddable":true,"href":"https:\/\/elinformante.mx\/index.php?rest_route=\/wp\/v2\/users\/1"}],"replies":[{"embeddable":true,"href":"https:\/\/elinformante.mx\/index.php?rest_route=%2Fwp%2Fv2%2Fcomments&post=75531"}],"version-history":[{"count":0,"href":"https:\/\/elinformante.mx\/index.php?rest_route=\/wp\/v2\/posts\/75531\/revisions"}],"wp:featuredmedia":[{"embeddable":true,"href":"https:\/\/elinformante.mx\/index.php?rest_route=\/wp\/v2\/media\/75534"}],"wp:attachment":[{"href":"https:\/\/elinformante.mx\/index.php?rest_route=%2Fwp%2Fv2%2Fmedia&parent=75531"}],"wp:term":[{"taxonomy":"category","embeddable":true,"href":"https:\/\/elinformante.mx\/index.php?rest_route=%2Fwp%2Fv2%2Fcategories&post=75531"},{"taxonomy":"post_tag","embeddable":true,"href":"https:\/\/elinformante.mx\/index.php?rest_route=%2Fwp%2Fv2%2Ftags&post=75531"}],"curies":[{"name":"wp","href":"https:\/\/api.w.org\/{rel}","templated":true}]}}