{"id":75545,"date":"2025-02-13T06:27:37","date_gmt":"2025-02-13T12:27:37","guid":{"rendered":"https:\/\/elinformante.mx\/?p=75545"},"modified":"2025-02-13T06:27:40","modified_gmt":"2025-02-13T12:27:40","slug":"probosque-obtiene-certificado-internacional-fsc-por-el-manejo-forestal-responsable","status":"publish","type":"post","link":"https:\/\/elinformante.mx\/?p=75545","title":{"rendered":"Probosque obtiene certificado internacional FSC por el manejo forestal responsable"},"content":{"rendered":"\n<figure class=\"wp-block-pullquote\"><blockquote><p>Este sello internacional se basa en pr\u00e1cticas de manejo responsables bajo los est\u00e1ndares del Consejo de Administraci\u00f3n Forestal (Forest Stewardship Council, FSC), tendr\u00e1 una vigencia de cinco a\u00f1os.<\/p><\/blockquote><\/figure>\n\n\n\n<p class=\"has-drop-cap\">La Protectora de Bosques del Estado de M\u00e9xico (Probosque) y el Consejo de Administraci\u00f3n Forestal (FSC, por sus siglas en ingl\u00e9s) firmaron un Acuerdo de Licencia Promocional y de Servicio, convirti\u00e9ndose en el primer organismo gubernamental en establecer este tipo de colaboraci\u00f3n con una certificadora internacional.<br><\/p>\n\n\n\n<p>Con ello, se permite el uso de marca FSC, lo que identifica a la dependencia como una instituci\u00f3n responsable en el manejo forestal a escala mundial.<br><\/p>\n\n\n\n<p>La certificaci\u00f3n internacional se basa en pr\u00e1cticas de manejo responsables bajo los Est\u00e1ndares de Certificaci\u00f3n del Forest Stewardship Council (FSC), para el Manejo Forestal (FM) y la Cadena en Custodia (CoC).<br><\/p>\n\n\n\n<p>Durante la firma de este documento, Alejandro Santiago S\u00e1nchez V\u00e9lez, Director General de Probosque, refiri\u00f3 que este acuerdo muestra el compromiso del Gobierno de la Maestra Delfina G\u00f3mez \u00c1lvarez, por buscar mecanismos y acciones que beneficien a los bosques, propietarios y comunidades que dependen de ellos.<br><\/p>\n\n\n\n<p>Detall\u00f3 que este acuerdo tendr\u00e1 una duraci\u00f3n de cinco a\u00f1os, tiempo en que se podr\u00e1 hacer uso del sello FSC en productos provenientes de los bosques mexiquenses, obtenidos de predios que cuenten con un programa de manejo sostenible, asegurando que el abasto a la industria se haga de manera responsable sin afectar o comprometer \u00e1reas forestales.<br><\/p>\n\n\n\n<p>Asimismo, permitir\u00e1 sumar procesos y tareas espec\u00edficas que garantizan la protecci\u00f3n, conservaci\u00f3n y fomento de los bosques, asegurando as\u00ed los servicios ecosist\u00e9micos que proveen beneficios ambientales, sociales y econ\u00f3micos.<br><\/p>\n\n\n\n<p>El Consejo de Administraci\u00f3n Forestal es una organizaci\u00f3n internacional no gubernamental con sede en Alemania que promueve la gesti\u00f3n responsable de los bosques mediante la certificaci\u00f3n de productos forestales.<br><\/p>\n\n\n\n<p>Su sistema garantiza que los productos provengan de bosques gestionados de acuerdo con principios ambientales, sociales y econ\u00f3micos con bases sostenibles.<\/p>\n","protected":false},"excerpt":{"rendered":"<p>Este sello internacional se basa en pr\u00e1cticas de manejo responsables bajo los est\u00e1ndares del Consejo de Administraci\u00f3n Forestal (Forest Stewardship Council, FSC), tendr\u00e1 una vigencia de cinco a\u00f1os. La Protectora de Bosques del Estado de M\u00e9xico (Probosque) y el Consejo de Administraci\u00f3n Forestal (FSC, por sus siglas en ingl\u00e9s) firmaron un Acuerdo de Licencia Promocional [&hellip;]<\/p>\n","protected":false},"author":1,"featured_media":75547,"comment_status":"closed","ping_status":"closed","sticky":false,"template":"","format":"standard","meta":{"footnotes":""},"categories":[30,36],"tags":[],"class_list":["post-75545","post","type-post","status-publish","format-standard","has-post-thumbnail","hentry","category-destacado","category-edomex"],"_links":{"self":[{"href":"https:\/\/elinformante.mx\/index.php?rest_route=\/wp\/v2\/posts\/75545","targetHints":{"allow":["GET"]}}],"collection":[{"href":"https:\/\/elinformante.mx\/index.php?rest_route=\/wp\/v2\/posts"}],"about":[{"href":"https:\/\/elinformante.mx\/index.php?rest_route=\/wp\/v2\/types\/post"}],"author":[{"embeddable":true,"href":"https:\/\/elinformante.mx\/index.php?rest_route=\/wp\/v2\/users\/1"}],"replies":[{"embeddable":true,"href":"https:\/\/elinformante.mx\/index.php?rest_route=%2Fwp%2Fv2%2Fcomments&post=75545"}],"version-history":[{"count":0,"href":"https:\/\/elinformante.mx\/index.php?rest_route=\/wp\/v2\/posts\/75545\/revisions"}],"wp:featuredmedia":[{"embeddable":true,"href":"https:\/\/elinformante.mx\/index.php?rest_route=\/wp\/v2\/media\/75547"}],"wp:attachment":[{"href":"https:\/\/elinformante.mx\/index.php?rest_route=%2Fwp%2Fv2%2Fmedia&parent=75545"}],"wp:term":[{"taxonomy":"category","embeddable":true,"href":"https:\/\/elinformante.mx\/index.php?rest_route=%2Fwp%2Fv2%2Fcategories&post=75545"},{"taxonomy":"post_tag","embeddable":true,"href":"https:\/\/elinformante.mx\/index.php?rest_route=%2Fwp%2Fv2%2Ftags&post=75545"}],"curies":[{"name":"wp","href":"https:\/\/api.w.org\/{rel}","templated":true}]}}