{"id":75552,"date":"2025-02-13T06:39:09","date_gmt":"2025-02-13T12:39:09","guid":{"rendered":"https:\/\/elinformante.mx\/?p=75552"},"modified":"2025-02-13T06:39:11","modified_gmt":"2025-02-13T12:39:11","slug":"propone-enrique-vargas-transparentar-el-desarrollo-urbano-y-la-vivienda-en-el-senado","status":"publish","type":"post","link":"https:\/\/elinformante.mx\/?p=75552","title":{"rendered":"Propone Enrique Vargas transparentar el desarrollo urbano y la vivienda en el Senado"},"content":{"rendered":"\n<figure class=\"wp-block-pullquote\"><blockquote><p>Se pronunci\u00f3 en favor de generar mecanismos que permitan mayor transparencia y eficiencia en el desarrollo urbano<\/p><\/blockquote><\/figure>\n\n\n\n<p class=\"has-drop-cap\">El senador Enrique Vargas del Villar, integrante del Partido Acci\u00f3n Nacional (PAN), tuvo una destacada participaci\u00f3n en las Comisiones Unidas de Reordenamiento Urbano y Vivienda, as\u00ed como en la de Estudios Legislativos del Senado de la Rep\u00fablica. Durante su intervenci\u00f3n, Vargas del Villar abord\u00f3 temas clave relacionados con el desarrollo urbano y la normativa legislativa en materia de vivienda.<br><\/p>\n\n\n\n<p>En un contexto donde el reordenamiento territorial y la pol\u00edtica de vivienda son temas prioritarios en la agenda legislativa, el senador panista enfatiz\u00f3 la necesidad de establecer estrategias que garanticen un crecimiento ordenado de las ciudades, asegurando el acceso a una vivienda digna para todos los ciudadanos. Asimismo, se pronunci\u00f3 en favor de generar mecanismos que permitan mayor transparencia y eficiencia en el desarrollo urbano, con el fin de evitar irregularidades en el uso del suelo y mejorar la planeaci\u00f3n de las urbes.<br><\/p>\n\n\n\n<figure class=\"wp-block-image size-large\"><img fetchpriority=\"high\" decoding=\"async\" width=\"1024\" height=\"506\" src=\"https:\/\/elinformante.mx\/wp-content\/uploads\/2025\/02\/8enrique-2-1024x506.jpg\" alt=\"\" class=\"wp-image-75554\" srcset=\"https:\/\/elinformante.mx\/wp-content\/uploads\/2025\/02\/8enrique-2-1024x506.jpg 1024w, https:\/\/elinformante.mx\/wp-content\/uploads\/2025\/02\/8enrique-2-300x148.jpg 300w, https:\/\/elinformante.mx\/wp-content\/uploads\/2025\/02\/8enrique-2-768x379.jpg 768w, https:\/\/elinformante.mx\/wp-content\/uploads\/2025\/02\/8enrique-2.jpg 1140w\" sizes=\"(max-width: 1024px) 100vw, 1024px\" \/><\/figure>\n\n\n\n<p>La intervenci\u00f3n de Vargas del Villar se dio en un marco de constante debate entre el oficialismo y la oposici\u00f3n en torno a las pol\u00edticas gubernamentales en diversos sectores. A trav\u00e9s de sus redes sociales, el senador recibi\u00f3 tanto respaldo como cr\u00edticas por sus se\u00f1alamientos y propuestas en materia de urbanismo y vivienda. En sus publicaciones, ha reiterado su compromiso con una legislaci\u00f3n que favorezca el desarrollo sustentable y equitativo del pa\u00eds.<br><\/p>\n\n\n\n<p>El Senado de la Rep\u00fablica contin\u00faa con el an\u00e1lisis de diversas iniciativas en materia de reordenamiento urbano, donde se espera que la participaci\u00f3n de diferentes fuerzas pol\u00edticas contribuya a la construcci\u00f3n de consensos que beneficien a la ciudadan\u00eda.<\/p>\n\n\n\n<figure class=\"wp-block-image size-large\"><img decoding=\"async\" width=\"1024\" height=\"506\" src=\"https:\/\/elinformante.mx\/wp-content\/uploads\/2025\/02\/8enrique-3-1024x506.jpg\" alt=\"\" class=\"wp-image-75555\" srcset=\"https:\/\/elinformante.mx\/wp-content\/uploads\/2025\/02\/8enrique-3-1024x506.jpg 1024w, https:\/\/elinformante.mx\/wp-content\/uploads\/2025\/02\/8enrique-3-300x148.jpg 300w, https:\/\/elinformante.mx\/wp-content\/uploads\/2025\/02\/8enrique-3-768x379.jpg 768w, https:\/\/elinformante.mx\/wp-content\/uploads\/2025\/02\/8enrique-3.jpg 1140w\" sizes=\"(max-width: 1024px) 100vw, 1024px\" \/><\/figure>\n","protected":false},"excerpt":{"rendered":"<p>Se pronunci\u00f3 en favor de generar mecanismos que permitan mayor transparencia y eficiencia en el desarrollo urbano El senador Enrique Vargas del Villar, integrante del Partido Acci\u00f3n Nacional (PAN), tuvo una destacada participaci\u00f3n en las Comisiones Unidas de Reordenamiento Urbano y Vivienda, as\u00ed como en la de Estudios Legislativos del Senado de la Rep\u00fablica. Durante [&hellip;]<\/p>\n","protected":false},"author":1,"featured_media":75553,"comment_status":"closed","ping_status":"closed","sticky":false,"template":"","format":"standard","meta":{"footnotes":""},"categories":[30,36,31],"tags":[46],"class_list":["post-75552","post","type-post","status-publish","format-standard","has-post-thumbnail","hentry","category-destacado","category-edomex","category-portada","tag-portadaedomex"],"_links":{"self":[{"href":"https:\/\/elinformante.mx\/index.php?rest_route=\/wp\/v2\/posts\/75552","targetHints":{"allow":["GET"]}}],"collection":[{"href":"https:\/\/elinformante.mx\/index.php?rest_route=\/wp\/v2\/posts"}],"about":[{"href":"https:\/\/elinformante.mx\/index.php?rest_route=\/wp\/v2\/types\/post"}],"author":[{"embeddable":true,"href":"https:\/\/elinformante.mx\/index.php?rest_route=\/wp\/v2\/users\/1"}],"replies":[{"embeddable":true,"href":"https:\/\/elinformante.mx\/index.php?rest_route=%2Fwp%2Fv2%2Fcomments&post=75552"}],"version-history":[{"count":0,"href":"https:\/\/elinformante.mx\/index.php?rest_route=\/wp\/v2\/posts\/75552\/revisions"}],"wp:featuredmedia":[{"embeddable":true,"href":"https:\/\/elinformante.mx\/index.php?rest_route=\/wp\/v2\/media\/75553"}],"wp:attachment":[{"href":"https:\/\/elinformante.mx\/index.php?rest_route=%2Fwp%2Fv2%2Fmedia&parent=75552"}],"wp:term":[{"taxonomy":"category","embeddable":true,"href":"https:\/\/elinformante.mx\/index.php?rest_route=%2Fwp%2Fv2%2Fcategories&post=75552"},{"taxonomy":"post_tag","embeddable":true,"href":"https:\/\/elinformante.mx\/index.php?rest_route=%2Fwp%2Fv2%2Ftags&post=75552"}],"curies":[{"name":"wp","href":"https:\/\/api.w.org\/{rel}","templated":true}]}}