{"id":75587,"date":"2025-02-13T07:13:52","date_gmt":"2025-02-13T13:13:52","guid":{"rendered":"https:\/\/elinformante.mx\/?p=75587"},"modified":"2025-02-13T07:13:56","modified_gmt":"2025-02-13T13:13:56","slug":"el-aicm-es-el-tercer-aeropuerto-mas-puntual-del-mundo","status":"publish","type":"post","link":"https:\/\/elinformante.mx\/?p=75587","title":{"rendered":"El AICM es el tercer aeropuerto m\u00e1s puntual del mundo"},"content":{"rendered":"\n<figure class=\"wp-block-pullquote\"><blockquote><p>Desde el 2022, el Gobierno de M\u00e9xico encomend\u00f3 a la Semar administrar este recinto y en 2023, la Marina lo incorpor\u00f3 como una paraestatal sectorizada.<\/p><\/blockquote><\/figure>\n\n\n\n<p class=\"has-drop-cap\">El Aeropuerto Internacional de la Ciudad de M\u00e9xico (AICM), que est\u00e1 administrado por la Marina, recibi\u00f3 este un reconocimiento como el tercer aeropuerto m\u00e1s puntual a nivel global durante 2024, por parte de la consultora Cirium, que analiza datos para la industria de la aviaci\u00f3n.<br><\/p>\n\n\n\n<p>El almirante Francisco Escamilla, Oficial Mayor de Marina agradeci\u00f3 este reconocimiento otorgado, porque representa que se esta cumpliendo con la misi\u00f3n en beneficio a nuestro pa\u00eds.<br><\/p>\n\n\n\n<p>El informe anual de Cirium es el est\u00e1ndar de referencia para el an\u00e1lisis de rendimiento de las aerol\u00edneas y aeropuertos a nivel mundial.<br><\/p>\n\n\n\n<p>Se indica en el an\u00e1lisis que un vuelo puntual se define como aquel que llega dentro de los 15 minutos posteriores a la hora programada, y en el caso de un aeropuerto, se define como aquel que sale dentro de los 15 minutos posteriores de la salida programada.<br><\/p>\n\n\n\n<p>Apunt\u00f3 Escamilla que existe una enorme responsabilidad y un compromiso para mantener el paso de cara a la Copa Mundial de F\u00fatbol de la FIFA 2026, en donde M\u00e9xico ser\u00e1 coanfitri\u00f3n con Canad\u00e1 y Estados Unidos y donde el AICM ser\u00e1 la principal puerta de entrada para visitantes de todo el mundo.<br><\/p>\n\n\n\n<p>En 2022, el Gobierno de M\u00e9xico encomend\u00f3 a la Semar administrar este recinto y a partir del 2023, la Marina lo incorpor\u00f3 como una paraestatal sectorizada para transformar la terminal a\u00e9rea \u201cen una unidad eficiente y segura\u201d.<br><\/p>\n\n\n\n<p>De acuerdo con las autoridades del AICM, el logro fue posible gracias a la reordenaci\u00f3n de espacios o \u2018slots\u2019 y horarios de vuelos de salida, as\u00ed como el esfuerzo de directivos y trabajadores del aeropuerto.<br><\/p>\n\n\n\n<p>El director ejecutivo de Cirium, Jeremy Bowen, afirm\u00f3 que el reconocimiento ocurre luego de que el AICM logr\u00f3 mejorar su \u00edndice de puntualidad, al pasar de 79.01% en 2022 a 84.04% en 2024.<br><\/p>\n\n\n\n<p>Anualmente, Cirium otorga premios a las aerol\u00edneas y aeropuertos que demuestran la mayor eficiencia en sus operaciones, y entre las categor\u00edas de premiaciones est\u00e1n el de Aerol\u00ednea Global m\u00e1s Puntual, Aeropuerto Global m\u00e1s Puntual y Premios Regionales.<br><\/p>\n\n\n\n<p>En enero pasado, el AICM anunci\u00f3 una renovaci\u00f3n con una inversi\u00f3n estimada de ocho mil millones de pesos para recibir a millones de pasajeros en el Mundial de F\u00fatbol de 2026.<\/p>\n","protected":false},"excerpt":{"rendered":"<p>Desde el 2022, el Gobierno de M\u00e9xico encomend\u00f3 a la Semar administrar este recinto y en 2023, la Marina lo incorpor\u00f3 como una paraestatal sectorizada. El Aeropuerto Internacional de la Ciudad de M\u00e9xico (AICM), que est\u00e1 administrado por la Marina, recibi\u00f3 este un reconocimiento como el tercer aeropuerto m\u00e1s puntual a nivel global durante 2024, [&hellip;]<\/p>\n","protected":false},"author":1,"featured_media":75588,"comment_status":"closed","ping_status":"closed","sticky":false,"template":"","format":"standard","meta":{"footnotes":""},"categories":[30,34,31],"tags":[],"class_list":["post-75587","post","type-post","status-publish","format-standard","has-post-thumbnail","hentry","category-destacado","category-nacional","category-portada"],"_links":{"self":[{"href":"https:\/\/elinformante.mx\/index.php?rest_route=\/wp\/v2\/posts\/75587","targetHints":{"allow":["GET"]}}],"collection":[{"href":"https:\/\/elinformante.mx\/index.php?rest_route=\/wp\/v2\/posts"}],"about":[{"href":"https:\/\/elinformante.mx\/index.php?rest_route=\/wp\/v2\/types\/post"}],"author":[{"embeddable":true,"href":"https:\/\/elinformante.mx\/index.php?rest_route=\/wp\/v2\/users\/1"}],"replies":[{"embeddable":true,"href":"https:\/\/elinformante.mx\/index.php?rest_route=%2Fwp%2Fv2%2Fcomments&post=75587"}],"version-history":[{"count":0,"href":"https:\/\/elinformante.mx\/index.php?rest_route=\/wp\/v2\/posts\/75587\/revisions"}],"wp:featuredmedia":[{"embeddable":true,"href":"https:\/\/elinformante.mx\/index.php?rest_route=\/wp\/v2\/media\/75588"}],"wp:attachment":[{"href":"https:\/\/elinformante.mx\/index.php?rest_route=%2Fwp%2Fv2%2Fmedia&parent=75587"}],"wp:term":[{"taxonomy":"category","embeddable":true,"href":"https:\/\/elinformante.mx\/index.php?rest_route=%2Fwp%2Fv2%2Fcategories&post=75587"},{"taxonomy":"post_tag","embeddable":true,"href":"https:\/\/elinformante.mx\/index.php?rest_route=%2Fwp%2Fv2%2Ftags&post=75587"}],"curies":[{"name":"wp","href":"https:\/\/api.w.org\/{rel}","templated":true}]}}