{"id":75596,"date":"2025-02-13T16:48:34","date_gmt":"2025-02-13T22:48:34","guid":{"rendered":"https:\/\/elinformante.mx\/?p=75596"},"modified":"2025-02-13T16:48:37","modified_gmt":"2025-02-13T22:48:37","slug":"sheinbaum-asegura-que-en-marzo-se-regularizara-el-abasto-de-medicamentos","status":"publish","type":"post","link":"https:\/\/elinformante.mx\/?p=75596","title":{"rendered":"SHEINBAUM ASEGURA QUE EN MARZO SE REGULARIZAR\u00c1 EL ABASTO DE MEDICAMENTOS"},"content":{"rendered":"\n<p>En la ma\u00f1anera de este d\u00eda, la presidenta de M\u00e9xico, Claudia Sheinbaum Pardo, inform\u00f3 que ser\u00e1 en marzo cuando se regularice el abasto de medicamentos a los estados.<\/p>\n\n\n\n<p>Sheinbaum, indic\u00f3 \u201cRecuerden que yo dije que el mes de marzo esperamos que a lo largo del mes de marzo se regularice ya la entrega de los medicamentos\u201d.\u00a0<br><\/p>\n","protected":false},"excerpt":{"rendered":"<p>En la ma\u00f1anera de este d\u00eda, la presidenta de M\u00e9xico, Claudia Sheinbaum Pardo, inform\u00f3 que ser\u00e1 en marzo cuando se regularice el abasto de medicamentos a los estados. Sheinbaum, indic\u00f3 \u201cRecuerden que yo dije que el mes de marzo esperamos que a lo largo del mes de marzo se regularice ya la entrega de los [&hellip;]<\/p>\n","protected":false},"author":2,"featured_media":75597,"comment_status":"closed","ping_status":"closed","sticky":false,"template":"","format":"standard","meta":{"footnotes":""},"categories":[34],"tags":[],"class_list":["post-75596","post","type-post","status-publish","format-standard","has-post-thumbnail","hentry","category-nacional"],"_links":{"self":[{"href":"https:\/\/elinformante.mx\/index.php?rest_route=\/wp\/v2\/posts\/75596","targetHints":{"allow":["GET"]}}],"collection":[{"href":"https:\/\/elinformante.mx\/index.php?rest_route=\/wp\/v2\/posts"}],"about":[{"href":"https:\/\/elinformante.mx\/index.php?rest_route=\/wp\/v2\/types\/post"}],"author":[{"embeddable":true,"href":"https:\/\/elinformante.mx\/index.php?rest_route=\/wp\/v2\/users\/2"}],"replies":[{"embeddable":true,"href":"https:\/\/elinformante.mx\/index.php?rest_route=%2Fwp%2Fv2%2Fcomments&post=75596"}],"version-history":[{"count":0,"href":"https:\/\/elinformante.mx\/index.php?rest_route=\/wp\/v2\/posts\/75596\/revisions"}],"wp:featuredmedia":[{"embeddable":true,"href":"https:\/\/elinformante.mx\/index.php?rest_route=\/wp\/v2\/media\/75597"}],"wp:attachment":[{"href":"https:\/\/elinformante.mx\/index.php?rest_route=%2Fwp%2Fv2%2Fmedia&parent=75596"}],"wp:term":[{"taxonomy":"category","embeddable":true,"href":"https:\/\/elinformante.mx\/index.php?rest_route=%2Fwp%2Fv2%2Fcategories&post=75596"},{"taxonomy":"post_tag","embeddable":true,"href":"https:\/\/elinformante.mx\/index.php?rest_route=%2Fwp%2Fv2%2Ftags&post=75596"}],"curies":[{"name":"wp","href":"https:\/\/api.w.org\/{rel}","templated":true}]}}