{"id":75620,"date":"2025-02-14T05:48:09","date_gmt":"2025-02-14T11:48:09","guid":{"rendered":"https:\/\/elinformante.mx\/?p=75620"},"modified":"2025-02-14T05:48:18","modified_gmt":"2025-02-14T11:48:18","slug":"debuta-luka-doncic-con-lakers","status":"publish","type":"post","link":"https:\/\/elinformante.mx\/?p=75620","title":{"rendered":"Debuta Luka Doncic con Lakers"},"content":{"rendered":"\n<figure class=\"wp-block-pullquote\"><blockquote><p>El primer partido del jugador esloveno con la franquicia de Los \u00c1ngeles logr\u00f3 atraer millones de personas en audiencia.<\/p><\/blockquote><\/figure>\n\n\n\n<p class=\"has-drop-cap\">El debut de Luka Doncic con los Lakers de Los \u00c1ngeles dio para \u00edndices de audiencia masivos que lo vieron por ESPN a pesar de que la hora del partido 10:30 p.m. ET no fuera la mejor.<br><\/p>\n\n\n\n<p>Los Lakers vencieron 132-113 sobre el Jazz de Utah logr\u00f3 un m\u00e1ximo de 2.55 millones de espectadores. Un 42 por ciento m\u00e1s, n\u00famero alto para un partido promedio de la NBA de la temporada pasada en la cadena televisiva<br><\/p>\n\n\n\n<figure class=\"wp-block-image size-large\"><img fetchpriority=\"high\" decoding=\"async\" width=\"1024\" height=\"506\" src=\"https:\/\/elinformante.mx\/wp-content\/uploads\/2025\/02\/14debuta-1024x506.jpg\" alt=\"\" class=\"wp-image-75622\" srcset=\"https:\/\/elinformante.mx\/wp-content\/uploads\/2025\/02\/14debuta-1024x506.jpg 1024w, https:\/\/elinformante.mx\/wp-content\/uploads\/2025\/02\/14debuta-300x148.jpg 300w, https:\/\/elinformante.mx\/wp-content\/uploads\/2025\/02\/14debuta-768x379.jpg 768w, https:\/\/elinformante.mx\/wp-content\/uploads\/2025\/02\/14debuta.jpg 1140w\" sizes=\"(max-width: 1024px) 100vw, 1024px\" \/><\/figure>\n\n\n\n<p>Un promedio de 2,01 millones de espectadores, seg\u00fan datos de Nielsen, y fue el partido con m\u00e1s audiencia de la jornada con los grupos demogr\u00e1ficos de hombres de 18 a 34, 18 a 49 y 25 a 54 a\u00f1os.<br><\/p>\n\n\n\n<p>Los n\u00fameros llaman la atenci\u00f3n, ya que Doncic solamente jug\u00f3 24 minutos y anot\u00f3 14 puntos en un partido en el que Los \u00c1ngeles ten\u00eda 12 puntos de ventaja despu\u00e9s del primer cuarto y 25 puntos al medio tiempo. Los Lakers tuvieron hasta 34 puntos de diferencia, y Doncic no estuvo en el \u00faltimo cuarto.<br><\/p>\n\n\n\n<p>El jugador de 25 a\u00f1os fue cambiado por Dallas a principios de febrero y regres\u00f3 de una lesi\u00f3n que se dio en la Navidad.<\/p>\n","protected":false},"excerpt":{"rendered":"<p>El primer partido del jugador esloveno con la franquicia de Los \u00c1ngeles logr\u00f3 atraer millones de personas en audiencia. El debut de Luka Doncic con los Lakers de Los \u00c1ngeles dio para \u00edndices de audiencia masivos que lo vieron por ESPN a pesar de que la hora del partido 10:30 p.m. ET no fuera la [&hellip;]<\/p>\n","protected":false},"author":1,"featured_media":75621,"comment_status":"closed","ping_status":"closed","sticky":false,"template":"","format":"standard","meta":{"footnotes":""},"categories":[38,30],"tags":[],"class_list":["post-75620","post","type-post","status-publish","format-standard","has-post-thumbnail","hentry","category-deportes","category-destacado"],"_links":{"self":[{"href":"https:\/\/elinformante.mx\/index.php?rest_route=\/wp\/v2\/posts\/75620","targetHints":{"allow":["GET"]}}],"collection":[{"href":"https:\/\/elinformante.mx\/index.php?rest_route=\/wp\/v2\/posts"}],"about":[{"href":"https:\/\/elinformante.mx\/index.php?rest_route=\/wp\/v2\/types\/post"}],"author":[{"embeddable":true,"href":"https:\/\/elinformante.mx\/index.php?rest_route=\/wp\/v2\/users\/1"}],"replies":[{"embeddable":true,"href":"https:\/\/elinformante.mx\/index.php?rest_route=%2Fwp%2Fv2%2Fcomments&post=75620"}],"version-history":[{"count":0,"href":"https:\/\/elinformante.mx\/index.php?rest_route=\/wp\/v2\/posts\/75620\/revisions"}],"wp:featuredmedia":[{"embeddable":true,"href":"https:\/\/elinformante.mx\/index.php?rest_route=\/wp\/v2\/media\/75621"}],"wp:attachment":[{"href":"https:\/\/elinformante.mx\/index.php?rest_route=%2Fwp%2Fv2%2Fmedia&parent=75620"}],"wp:term":[{"taxonomy":"category","embeddable":true,"href":"https:\/\/elinformante.mx\/index.php?rest_route=%2Fwp%2Fv2%2Fcategories&post=75620"},{"taxonomy":"post_tag","embeddable":true,"href":"https:\/\/elinformante.mx\/index.php?rest_route=%2Fwp%2Fv2%2Ftags&post=75620"}],"curies":[{"name":"wp","href":"https:\/\/api.w.org\/{rel}","templated":true}]}}