{"id":75627,"date":"2025-02-14T05:52:43","date_gmt":"2025-02-14T11:52:43","guid":{"rendered":"https:\/\/elinformante.mx\/?p=75627"},"modified":"2025-02-14T05:52:47","modified_gmt":"2025-02-14T11:52:47","slug":"dos-sujetos-son-detenidos-por-robo-a-un-comercio-con-violencia","status":"publish","type":"post","link":"https:\/\/elinformante.mx\/?p=75627","title":{"rendered":"Dos sujetos son detenidos por robo a un comercio con violencia"},"content":{"rendered":"\n<figure class=\"wp-block-pullquote\"><blockquote><p>Los efectivos aseguraron un veh\u00edculo, un arma blanca y mercanc\u00eda diversa.<\/p><\/blockquote><\/figure>\n\n\n\n<p class=\"has-drop-cap\">Elementos de la Secretar\u00eda de Seguridad del Estado de M\u00e9xico (SSEM) detuvieron a dos sujetos probablemente involucrados en un robo con violencia a comercio, efectuado por dos hombres a bordo de un veh\u00edculo Chevrolet Aveo, color caf\u00e9.<br><\/p>\n\n\n\n<p>Se implement\u00f3 un cerco virtual y mediante el an\u00e1lisis videogr\u00e1fico, se estableci\u00f3 la ruta de la posible unidad involucrada, que se dirig\u00eda sobre la carretera Federal Lecher\u00eda &#8211; Texcoco rumbo al oriente; enseguida, se obtuvo su zona de confort en la colonia Tequisistl\u00e1n, en el municipio de Tezoyuca.<br><\/p>\n\n\n\n<p>Los oficiales dieron seguimiento al objetivo, mismo que culmin\u00f3 sobre la avenida Central de la demarcaci\u00f3n de Ecatepec, donde observaron a dos individuos con caracter\u00edsticas similares a las referidas en el reporte, quienes se encontraban a bordo del autom\u00f3vil antes referido.<br><\/p>\n\n\n\n<p>Los uniformados solicitaron a los sospechosos detener la marcha, donde se corrobor\u00f3 que era el automotor de la consigna, adem\u00e1s se realiz\u00f3 una revisi\u00f3n apegada al protocolo de actuaci\u00f3n; al concluir, localizaron cajetillas de cigarros, botellas de alcohol, as\u00ed como un cuchillo con mango color caf\u00e9, hoja color plateada de aproximadamente 20 cent\u00edmetros de largo.<br><\/p>\n\n\n\n<p>Los polic\u00edas trasladaron a Ricardo \u201cN\u201d y Jes\u00fas \u201cN\u201d de 33 y 32 a\u00f1os de edad, respectivamente, junto con el veh\u00edculo y los objetos asegurados a la Agencia de Ministerio P\u00fablico correspondiente, para determinar su situaci\u00f3n jur\u00eddica.<\/p>\n","protected":false},"excerpt":{"rendered":"<p>Los efectivos aseguraron un veh\u00edculo, un arma blanca y mercanc\u00eda diversa. Elementos de la Secretar\u00eda de Seguridad del Estado de M\u00e9xico (SSEM) detuvieron a dos sujetos probablemente involucrados en un robo con violencia a comercio, efectuado por dos hombres a bordo de un veh\u00edculo Chevrolet Aveo, color caf\u00e9. Se implement\u00f3 un cerco virtual y mediante [&hellip;]<\/p>\n","protected":false},"author":1,"featured_media":75628,"comment_status":"closed","ping_status":"closed","sticky":false,"template":"","format":"standard","meta":{"footnotes":""},"categories":[36,37],"tags":[],"class_list":["post-75627","post","type-post","status-publish","format-standard","has-post-thumbnail","hentry","category-edomex","category-justicia"],"_links":{"self":[{"href":"https:\/\/elinformante.mx\/index.php?rest_route=\/wp\/v2\/posts\/75627","targetHints":{"allow":["GET"]}}],"collection":[{"href":"https:\/\/elinformante.mx\/index.php?rest_route=\/wp\/v2\/posts"}],"about":[{"href":"https:\/\/elinformante.mx\/index.php?rest_route=\/wp\/v2\/types\/post"}],"author":[{"embeddable":true,"href":"https:\/\/elinformante.mx\/index.php?rest_route=\/wp\/v2\/users\/1"}],"replies":[{"embeddable":true,"href":"https:\/\/elinformante.mx\/index.php?rest_route=%2Fwp%2Fv2%2Fcomments&post=75627"}],"version-history":[{"count":0,"href":"https:\/\/elinformante.mx\/index.php?rest_route=\/wp\/v2\/posts\/75627\/revisions"}],"wp:featuredmedia":[{"embeddable":true,"href":"https:\/\/elinformante.mx\/index.php?rest_route=\/wp\/v2\/media\/75628"}],"wp:attachment":[{"href":"https:\/\/elinformante.mx\/index.php?rest_route=%2Fwp%2Fv2%2Fmedia&parent=75627"}],"wp:term":[{"taxonomy":"category","embeddable":true,"href":"https:\/\/elinformante.mx\/index.php?rest_route=%2Fwp%2Fv2%2Fcategories&post=75627"},{"taxonomy":"post_tag","embeddable":true,"href":"https:\/\/elinformante.mx\/index.php?rest_route=%2Fwp%2Fv2%2Ftags&post=75627"}],"curies":[{"name":"wp","href":"https:\/\/api.w.org\/{rel}","templated":true}]}}