{"id":75630,"date":"2025-02-14T05:54:14","date_gmt":"2025-02-14T11:54:14","guid":{"rendered":"https:\/\/elinformante.mx\/?p=75630"},"modified":"2025-02-14T05:54:19","modified_gmt":"2025-02-14T11:54:19","slug":"lo-detienen-senalado-por-agresion-sexual-contra-un-menor-de-edad","status":"publish","type":"post","link":"https:\/\/elinformante.mx\/?p=75630","title":{"rendered":"Lo detienen se\u00f1alado por agresi\u00f3n sexual contra un menor de edad"},"content":{"rendered":"\n<figure class=\"wp-block-pullquote\"><blockquote><p>El detenido fue trasladado ante la autoridad competente, a fin de determinar su situaci\u00f3n jur\u00eddica.<\/p><\/blockquote><\/figure>\n\n\n\n<p class=\"has-drop-cap\">Tras una llamada al C5, elementos de la Secretar\u00eda de Seguridad del Estado de M\u00e9xico (SSEM) y de la Polic\u00eda Municipal detuvieron a un hombre probable implicado en el delito de abuso sexual, en agravio de un menor de edad; el detenido fue trasladado ante la autoridad competente, a fin de determinar su situaci\u00f3n jur\u00eddica.<br><\/p>\n\n\n\n<p>Se se\u00f1al\u00f3 que el sujeto que trabajaba como pintor en el domicilio, violento sexualemente al menor de edad. Efectivos se presentaron en el lugar estableciendo contacto con la denunciante, misma que confirm\u00f3 las agresiones; ante el se\u00f1alamiento y tras informar el constitutivo del delito, los oficiales detuvieron a Filiberto \u201cN\u201d de 45 a\u00f1os de edad.<br><\/p>\n\n\n\n<p>El detenido fue trasladado a la Agencia del Ministerio P\u00fablico Especializada en Violencia Familiar, Sexual y de G\u00e9nero (AMPEVIS), con sede en Naucalpan, donde se inici\u00f3 la carpeta de investigaci\u00f3n, a fin de determinar su situaci\u00f3n jur\u00eddica.<\/p>\n","protected":false},"excerpt":{"rendered":"<p>El detenido fue trasladado ante la autoridad competente, a fin de determinar su situaci\u00f3n jur\u00eddica. Tras una llamada al C5, elementos de la Secretar\u00eda de Seguridad del Estado de M\u00e9xico (SSEM) y de la Polic\u00eda Municipal detuvieron a un hombre probable implicado en el delito de abuso sexual, en agravio de un menor de edad; [&hellip;]<\/p>\n","protected":false},"author":1,"featured_media":75631,"comment_status":"closed","ping_status":"closed","sticky":false,"template":"","format":"standard","meta":{"footnotes":""},"categories":[30,36,37],"tags":[],"class_list":["post-75630","post","type-post","status-publish","format-standard","has-post-thumbnail","hentry","category-destacado","category-edomex","category-justicia"],"_links":{"self":[{"href":"https:\/\/elinformante.mx\/index.php?rest_route=\/wp\/v2\/posts\/75630","targetHints":{"allow":["GET"]}}],"collection":[{"href":"https:\/\/elinformante.mx\/index.php?rest_route=\/wp\/v2\/posts"}],"about":[{"href":"https:\/\/elinformante.mx\/index.php?rest_route=\/wp\/v2\/types\/post"}],"author":[{"embeddable":true,"href":"https:\/\/elinformante.mx\/index.php?rest_route=\/wp\/v2\/users\/1"}],"replies":[{"embeddable":true,"href":"https:\/\/elinformante.mx\/index.php?rest_route=%2Fwp%2Fv2%2Fcomments&post=75630"}],"version-history":[{"count":0,"href":"https:\/\/elinformante.mx\/index.php?rest_route=\/wp\/v2\/posts\/75630\/revisions"}],"wp:featuredmedia":[{"embeddable":true,"href":"https:\/\/elinformante.mx\/index.php?rest_route=\/wp\/v2\/media\/75631"}],"wp:attachment":[{"href":"https:\/\/elinformante.mx\/index.php?rest_route=%2Fwp%2Fv2%2Fmedia&parent=75630"}],"wp:term":[{"taxonomy":"category","embeddable":true,"href":"https:\/\/elinformante.mx\/index.php?rest_route=%2Fwp%2Fv2%2Fcategories&post=75630"},{"taxonomy":"post_tag","embeddable":true,"href":"https:\/\/elinformante.mx\/index.php?rest_route=%2Fwp%2Fv2%2Ftags&post=75630"}],"curies":[{"name":"wp","href":"https:\/\/api.w.org\/{rel}","templated":true}]}}