{"id":75647,"date":"2025-02-14T06:10:44","date_gmt":"2025-02-14T12:10:44","guid":{"rendered":"https:\/\/elinformante.mx\/?p=75647"},"modified":"2025-02-14T06:10:46","modified_gmt":"2025-02-14T12:10:46","slug":"eligen-a-nuevos-integrantes-del-consejo-de-la-judicatura-del-pjedomex","status":"publish","type":"post","link":"https:\/\/elinformante.mx\/?p=75647","title":{"rendered":"Eligen a nuevos integrantes del Consejo de la Judicatura del PJEdom\u00e9x"},"content":{"rendered":"\n<figure class=\"wp-block-pullquote\"><blockquote><p>Permanecer\u00e1n hasta la entrada en funciones del Tribunal de Disciplina Judicial y el \u00d3rgano de Administraci\u00f3n Judicial.<\/p><\/blockquote><\/figure>\n\n\n\n<p class=\"has-drop-cap\">En sesi\u00f3n extraordinaria, conducida por el Magistrado Presidente Fernando D\u00edaz Ju\u00e1rez; el Pleno del Tribunal Superior de Justicia del Estado de M\u00e9xico eligi\u00f3 a la magistrada Alejandra Almaz\u00e1n Barrera y al magistrado Mario Eduardo Navarro Cabral, as\u00ed como al Juez Octavio Casta\u00f1o Fonseca, como integrantes del Consejo de la Judicatura. Su nombramiento permanecer\u00e1 vigente hasta la entrada en funciones del Tribunal de Disciplina Judicial y el \u00d3rgano de Administraci\u00f3n Judicial.<br><\/p>\n\n\n\n<p>Los Consejeros electos se suman a las tareas de administraci\u00f3n, vigilancia y disciplina del Poder Judicial, para atender de forma especializada todas las materias jurisdiccionales que son competencia del Tribunal Superior de Justicia de la entidad. Su participaci\u00f3n abonar\u00e1 a la etapa de implementaci\u00f3n de la reforma judicial.<br><\/p>\n\n\n\n<p>En el Consejo participan los tres Poderes del Estado, ya que el Ejecutivo y el Congreso designan a un integrante de los siete que conforman el \u00f3rgano colegiado.<br><\/p>\n\n\n\n<p>D\u00edaz Ju\u00e1rez se\u00f1al\u00f3 que los perfiles de los nuevos Consejeros, garantizan experiencia y amplio conocimiento en las labores propias de juzgados y salas, as\u00ed como solidez en la toma de decisiones, lo que impactar\u00e1 positivamente en el funcionamiento de los \u00f3rganos jurisdiccionales y en la garant\u00eda de pleno acceso a la justicia para los mexiquenses.<br><\/p>\n\n\n\n<p>La Magistrada Alejandra Almaz\u00e1n Barrera cuenta con una s\u00f3lida trayectoria en el \u00e1mbito judicial, su formaci\u00f3n acad\u00e9mica incluye licenciatura, maestr\u00eda, doctorado y posdoctorado en Derecho. Tiene una especializaci\u00f3n en materias civil, mercantil, familiar y derechos humanos, as\u00ed como su experiencia en diversos cargos dentro del Poder Judicial mexiquense. Actualmente, es Magistrada de la Segunda Sala Colegiada Civil de Tlalnepantla y catedr\u00e1tica en la Escuela Judicial del Estado de M\u00e9xico.<br><\/p>\n\n\n\n<p>A lo largo de su carrera, ha participado en foros nacionales e internacionales sobre juzgamiento con perspectiva de g\u00e9nero, acceso a la justicia y derechos humanos.<br><\/p>\n\n\n\n<p>El Magistrado Mario Eduardo Navarro Cabral cuenta con una amplia trayectoria en el \u00e1mbito judicial y acad\u00e9mico. Licenciado en Derecho, maestro en Derecho Electoral y doctor en Derecho Constitucional, ha complementado su formaci\u00f3n con estudios en el extranjero, incluyendo una especialidad en Derecho Constitucional en la Universidad de Castilla-La Mancha, Espa\u00f1a. Dentro del PJEdomex, actualmente es Magistrado de la Primera Sala Colegiada Familiar en Texcoco y de la Sala de Asuntos Ind\u00edgenas, ambas de competencia estatal. Adem\u00e1s, es catedr\u00e1tico en la EJEM, impartiendo materias en bases constitucionales y derechos humanos.<br><\/p>\n\n\n\n<p>Durante su trayectoria, ha participado activamente en la consolidaci\u00f3n de instituciones jur\u00eddicas, desempe\u00f1\u00e1ndose en organismos como el Instituto Federal Electoral, el Tribunal Federal Electoral y el Congreso del Estado de M\u00e9xico.<br><\/p>\n\n\n\n<p>El Juez Octavio Casta\u00f1o Fonseca ha dedicado su carrera a la impartici\u00f3n de justicia con apego a los principios del debido proceso y la protecci\u00f3n de los derechos humanos. Su formaci\u00f3n acad\u00e9mica incluye licenciatura, maestr\u00eda y doctorado en Derecho, adem\u00e1s de especialidades en amparo y derecho judicial, lo que le ha permitido ser un referente en la materia.<br><\/p>\n\n\n\n<p>Como juez de cuant\u00eda menor hasta su actual funci\u00f3n como juez de Tribunal de Enjuiciamiento en el Distrito Judicial de Cuautitl\u00e1n, ha ocupado diversos cargos en los que ha destacado por su profesionalismo y compromiso con la legalidad. Su experiencia lo ha llevado a representar al Poder Judicial del Estado de M\u00e9xico en instancias internacionales, como la Comisi\u00f3n Interamericana de Derechos Humanos en Washington D.C.<\/p>\n","protected":false},"excerpt":{"rendered":"<p>Permanecer\u00e1n hasta la entrada en funciones del Tribunal de Disciplina Judicial y el \u00d3rgano de Administraci\u00f3n Judicial. En sesi\u00f3n extraordinaria, conducida por el Magistrado Presidente Fernando D\u00edaz Ju\u00e1rez; el Pleno del Tribunal Superior de Justicia del Estado de M\u00e9xico eligi\u00f3 a la magistrada Alejandra Almaz\u00e1n Barrera y al magistrado Mario Eduardo Navarro Cabral, as\u00ed como [&hellip;]<\/p>\n","protected":false},"author":1,"featured_media":75648,"comment_status":"closed","ping_status":"closed","sticky":false,"template":"","format":"standard","meta":{"footnotes":""},"categories":[1],"tags":[],"class_list":["post-75647","post","type-post","status-publish","format-standard","has-post-thumbnail","hentry","category-sin-categoria"],"_links":{"self":[{"href":"https:\/\/elinformante.mx\/index.php?rest_route=\/wp\/v2\/posts\/75647","targetHints":{"allow":["GET"]}}],"collection":[{"href":"https:\/\/elinformante.mx\/index.php?rest_route=\/wp\/v2\/posts"}],"about":[{"href":"https:\/\/elinformante.mx\/index.php?rest_route=\/wp\/v2\/types\/post"}],"author":[{"embeddable":true,"href":"https:\/\/elinformante.mx\/index.php?rest_route=\/wp\/v2\/users\/1"}],"replies":[{"embeddable":true,"href":"https:\/\/elinformante.mx\/index.php?rest_route=%2Fwp%2Fv2%2Fcomments&post=75647"}],"version-history":[{"count":0,"href":"https:\/\/elinformante.mx\/index.php?rest_route=\/wp\/v2\/posts\/75647\/revisions"}],"wp:featuredmedia":[{"embeddable":true,"href":"https:\/\/elinformante.mx\/index.php?rest_route=\/wp\/v2\/media\/75648"}],"wp:attachment":[{"href":"https:\/\/elinformante.mx\/index.php?rest_route=%2Fwp%2Fv2%2Fmedia&parent=75647"}],"wp:term":[{"taxonomy":"category","embeddable":true,"href":"https:\/\/elinformante.mx\/index.php?rest_route=%2Fwp%2Fv2%2Fcategories&post=75647"},{"taxonomy":"post_tag","embeddable":true,"href":"https:\/\/elinformante.mx\/index.php?rest_route=%2Fwp%2Fv2%2Ftags&post=75647"}],"curies":[{"name":"wp","href":"https:\/\/api.w.org\/{rel}","templated":true}]}}