{"id":75690,"date":"2025-02-14T07:07:01","date_gmt":"2025-02-14T13:07:01","guid":{"rendered":"https:\/\/elinformante.mx\/?p=75690"},"modified":"2025-02-14T07:07:02","modified_gmt":"2025-02-14T13:07:02","slug":"aprueba-el-senado-reforma-al-infonavit","status":"publish","type":"post","link":"https:\/\/elinformante.mx\/?p=75690","title":{"rendered":"Aprueba el Senado reforma al Infonavit"},"content":{"rendered":"\n<figure class=\"wp-block-pullquote\"><blockquote><p>Le permitir\u00e1 a la instituci\u00f3n construir y arrendar viviendas mediante la creaci\u00f3n de una empresa filial.<\/p><\/blockquote><\/figure>\n\n\n\n<p class=\"has-drop-cap\">Este dictamen fue avalado en lo general con 71 votos a favor, 36 en contra y dos abstenciones, de Amalia Garc\u00eda (MC) y de Ricardo Sheffield (Morena), en lo particular, la reforma se aprob\u00f3 con 67 votos a favor y 35 en contra.<br><\/p>\n\n\n\n<p>Esta minuta fue enviada al Ejecutivo federal para su publicaci\u00f3n y entrada en vigor.<br><\/p>\n\n\n\n<p>Las reformas a la Ley del Infonavit y a la Ley Federal del Trabajo se\u00f1alan que los recursos del Infonavit o bajo su administraci\u00f3n se destinar\u00e1n a la construcci\u00f3n de vivienda, por conducto de una empresa filial, para fomentar la oferta destinada al arrendamiento social o adquisici\u00f3n en favor de las personas trabajadoras derechohabientes, as\u00ed como el desarrollo econ\u00f3mico local y la generaci\u00f3n de empleos.<br><\/p>\n\n\n\n<p>Adem\u00e1s, de forma peri\u00f3dica, el Infonavit informar\u00e1 en su p\u00e1gina de internet sobre la \u201csituaci\u00f3n financiera, administrativa, operacional, econ\u00f3mica y jur\u00eddica, as\u00ed como los riesgos, relacionados con el fondo que contiene los recursos y de su empresa filial, sus proyectos de construcci\u00f3n, proveedores contratados por aquella, entre otros asuntos que estime conveniente\u201d.<br><\/p>\n\n\n\n<p>Se\u00f1ala que la construcci\u00f3n de vivienda que realice el instituto fomentar\u00e1 el desarrollo econ\u00f3mico local y la generaci\u00f3n de empleos.<br><\/p>\n\n\n\n<p>La Secretar\u00eda de Hacienda y Cr\u00e9dito P\u00fablico, con el auxilio de la Comisi\u00f3n Nacional Bancaria y de Valores, supervisar\u00e1 y vigilar\u00e1 las operaciones de cr\u00e9dito que celebre el Instituto con las personas trabajadoras derechohabientes, estableciendo un sistema de programas de autocorrecci\u00f3n en caso de que exista alg\u00fan incumplimiento de las normas aplicables.<br><\/p>\n\n\n\n<p>La fiscalizaci\u00f3n del Instituto estar\u00e1 a cargo de la Auditor\u00eda Superior de la Federaci\u00f3n, la cual ser\u00e1 competente para revisar la actividad del Instituto como organismo fiscal aut\u00f3nomo, la debida integraci\u00f3n y administraci\u00f3n de su patrimonio, el ejercicio del presupuesto de gastos de administraci\u00f3n, operaci\u00f3n y vigilancia, as\u00ed como del presupuesto de inversi\u00f3n en materia de construcci\u00f3n y administraci\u00f3n inmobiliaria.<br><\/p>\n\n\n\n<p>Subraya que las subcuentas de vivienda y cr\u00e9ditos de vivienda de los trabajadores son inviolables y no estar\u00e1n sujetas a auditor\u00eda, revisi\u00f3n o fiscalizaci\u00f3n alguna.<\/p>\n","protected":false},"excerpt":{"rendered":"<p>Le permitir\u00e1 a la instituci\u00f3n construir y arrendar viviendas mediante la creaci\u00f3n de una empresa filial. Este dictamen fue avalado en lo general con 71 votos a favor, 36 en contra y dos abstenciones, de Amalia Garc\u00eda (MC) y de Ricardo Sheffield (Morena), en lo particular, la reforma se aprob\u00f3 con 67 votos a favor [&hellip;]<\/p>\n","protected":false},"author":1,"featured_media":75692,"comment_status":"closed","ping_status":"closed","sticky":false,"template":"","format":"standard","meta":{"footnotes":""},"categories":[34],"tags":[],"class_list":["post-75690","post","type-post","status-publish","format-standard","has-post-thumbnail","hentry","category-nacional"],"_links":{"self":[{"href":"https:\/\/elinformante.mx\/index.php?rest_route=\/wp\/v2\/posts\/75690","targetHints":{"allow":["GET"]}}],"collection":[{"href":"https:\/\/elinformante.mx\/index.php?rest_route=\/wp\/v2\/posts"}],"about":[{"href":"https:\/\/elinformante.mx\/index.php?rest_route=\/wp\/v2\/types\/post"}],"author":[{"embeddable":true,"href":"https:\/\/elinformante.mx\/index.php?rest_route=\/wp\/v2\/users\/1"}],"replies":[{"embeddable":true,"href":"https:\/\/elinformante.mx\/index.php?rest_route=%2Fwp%2Fv2%2Fcomments&post=75690"}],"version-history":[{"count":0,"href":"https:\/\/elinformante.mx\/index.php?rest_route=\/wp\/v2\/posts\/75690\/revisions"}],"wp:featuredmedia":[{"embeddable":true,"href":"https:\/\/elinformante.mx\/index.php?rest_route=\/wp\/v2\/media\/75692"}],"wp:attachment":[{"href":"https:\/\/elinformante.mx\/index.php?rest_route=%2Fwp%2Fv2%2Fmedia&parent=75690"}],"wp:term":[{"taxonomy":"category","embeddable":true,"href":"https:\/\/elinformante.mx\/index.php?rest_route=%2Fwp%2Fv2%2Fcategories&post=75690"},{"taxonomy":"post_tag","embeddable":true,"href":"https:\/\/elinformante.mx\/index.php?rest_route=%2Fwp%2Fv2%2Ftags&post=75690"}],"curies":[{"name":"wp","href":"https:\/\/api.w.org\/{rel}","templated":true}]}}