{"id":75697,"date":"2025-02-14T07:15:15","date_gmt":"2025-02-14T13:15:15","guid":{"rendered":"https:\/\/elinformante.mx\/?p=75697"},"modified":"2025-02-14T07:15:26","modified_gmt":"2025-02-14T13:15:26","slug":"guerra-comercial-con-el-poder-de-su-firma","status":"publish","type":"post","link":"https:\/\/elinformante.mx\/?p=75697","title":{"rendered":"\u00bfGUERRA COMERCIAL?: CON EL PODER DE SU FIRMA"},"content":{"rendered":"\n<figure class=\"wp-block-pullquote\"><blockquote><p><strong>Por: Marco A. Mares<\/strong><\/p><\/blockquote><\/figure>\n\n\n\n<p class=\"has-drop-cap\">Cada d\u00eda que pasa est\u00e1 m\u00e1s claro que el presidente de Estados Unidos, Donald Trump, est\u00e1 decidido a iniciar una guerra comercial mundial.<br><\/p>\n\n\n\n<p>Y lo est\u00e1 haciendo todo, con el poder de su firma.<br><\/p>\n\n\n\n<p>Est\u00e1 intentando escribir un nuevo cap\u00edtulo en la historia econ\u00f3mica mundial.<br><\/p>\n\n\n\n<p>Busca revertir la era de la globalizaci\u00f3n econ\u00f3mica, y regresar a la del localismo, bajo la consigna del \u201cMaga\u201d o Make America Great Again.<br><\/p>\n\n\n\n<p>El principal objetivo trumpista se resume en el anglicismo: reshoring, como se conoce al proceso por el cual las empresas vuelven a traer la producci\u00f3n y fabricaci\u00f3n de bienes a su pa\u00eds original.<br><\/p>\n\n\n\n<p>Todo apunta a que en ese prop\u00f3sito, no le importa o le importa menos, la consolidaci\u00f3n del Tratado M\u00e9xico, Estados Unidos, Canad\u00e1 (T-MEC).<br><\/p>\n\n\n\n<p>La firma de numerosas y contundentes \u00f3rdenes ejecutivas, que disponen la aplicaci\u00f3n de aranceles a diestra y siniestra, est\u00e1 caracterizando a Donald Trump, como a ninguno otro, en la historia de ese pa\u00eds.<br><\/p>\n\n\n\n<p>Su agresiva pol\u00edtica arancelaria pretende rechazar las importaciones provenientes de China.<br><\/p>\n\n\n\n<p>Trump inici\u00f3 esta guerra comercial contra China en su primer mandato.<br><\/p>\n\n\n\n<p>Ahora la est\u00e1 extendiendo contra propios y extra\u00f1os.<br><\/p>\n\n\n\n<p>Quiere aplicar su palabra favorita: \u201ctariffs\u201d, a todos los pa\u00edses que exportan a EU.<br><\/p>\n\n\n\n<p>Donald Trump, a contracorriente de los argumentos econ\u00f3micos ortodoxos, est\u00e1 utilizando a los aranceles como un arma caliente.<br><\/p>\n\n\n\n<p>Le sirve igual, para lograr objetivos distintos al comercio, que para eliminar \u2013seg\u00fan \u00e9l\u2013 las desventajas de su pa\u00eds frente a otras naciones.<br><\/p>\n\n\n\n<p>Apenas lleva 25 d\u00edas, desde que tom\u00f3 posesi\u00f3n el pasado 20 de enero, como Presidente de EU y ha utilizado una buena parte de las 150 primeras plumas Cross, enchapadas de oro, de un paquete de 350 que solicit\u00f3 antes de iniciar su gesti\u00f3n, para firmar sus \u00f3rdenes ejecutivas.<br><\/p>\n\n\n\n<p>Parad\u00f3jicamente \u2013de acuerdo con versiones period\u00edsticas\u2013, los bol\u00edgrafos presidenciales son laqueados y grabados en China y ensamblados en Rodhe Island, con una mezcla de componentes nacionales y extranjeros.<br><\/p>\n\n\n\n<p>El bol\u00edgrafo presidencial, como los pistones que se usan en el mercado automotriz norteamericano (entre M\u00e9xico, Estados Unidos y Canad\u00e1) son muestra de la integraci\u00f3n comercial mundial, para el primer caso y espec\u00edficamente la integraci\u00f3n del mercado norteamericano, para el segundo ejemplo.<br><\/p>\n\n\n\n<p>En su campa\u00f1a, como presidente electo y ahora como presidente en funciones, Trump ha sido consistente.<br><\/p>\n\n\n\n<p>Su intenci\u00f3n es aplicar aranceles a todos los pa\u00edses con los que tiene relaciones comerciales.<br><\/p>\n\n\n\n<p>Socios comerciales o no, buscar\u00e1 que todos le tributen a EU.<br><\/p>\n\n\n\n<p>Amenaza con aplicar aranceles a todos, sin excepci\u00f3n ni exenci\u00f3n.<br><\/p>\n\n\n\n<p>Ayer firm\u00f3 un memor\u00e1ndum para imponer \u201caranceles rec\u00edprocos\u201d a otros pa\u00edses.<br><\/p>\n\n\n\n<p>No solo eso. Dijo que los aliados de Estados Unidos suelen ser \u201cpeores que nuestros enemigos\u201d a nivel comercial.<br><\/p>\n\n\n\n<p>La amenaza original que se convirti\u00f3 en orden ejecutiva para aplicar 25% de aranceles a todos los productos que exporta M\u00e9xico a EU, logr\u00f3 ser pospuesta por la presidenta Claudia Sheinbaum, por 30 d\u00edas hasta el 3 de marzo, con la condici\u00f3n de que su gobierno colocar\u00e1 10 mil elementos de la Guardia Nacional, en la frontera norte y combatir\u00e1 el contrabando de fentanilo.<br><\/p>\n\n\n\n<p>A pesar de la tregua, el presidente de EU, ha hecho nuevas amenazas y anunci\u00f3 la entrada en vigor a partir del 12 de marzo de un impuesto al acero y aluminio que M\u00e9xico exporta a aquel pa\u00eds.<br><\/p>\n\n\n\n<p>En las \u00faltimas horas ha amenazado con imponer aranceles a la industria automotriz mexicana, aunque no dijo en qu\u00e9 porcentaje ni a partir de cu\u00e1ndo los aplicar\u00e1.<br><\/p>\n\n\n\n<p>En M\u00e9xico, el secretario de Econom\u00eda, Marcelo Ebrard acumula argumentos y datos que fundamentan la integraci\u00f3n norteamericana.<br><\/p>\n\n\n\n<p>El gobierno mexicano, en un video que muestra y relata los viajes de la materia prima y la confecci\u00f3n de un pist\u00f3n entre M\u00e9xico, Estados Unidos y Canad\u00e1 hasta su uso final por la industria automotriz, trata de ilustrar la profunda integraci\u00f3n de la producci\u00f3n y comercializaci\u00f3n en sector automotriz entre los 3 pa\u00edses.<br><\/p>\n\n\n\n<p>En la industria automotriz mexicana comienzan a hacer c\u00e1lculos de los potenciales efectos negativos. Advierten que las importaciones estadounidenses podr\u00edan caer 15% por los aranceles de ese pa\u00eds.<br><\/p>\n\n\n\n<p>La industria automotriz nacional tiene un valor estimado para el a\u00f1o 2025, de 127 mil millones de d\u00f3lares. Podr\u00eda resentir da\u00f1os, incluso desaliento en inversiones.<br><\/p>\n\n\n\n<p>Los empresarios del acero, estiman que las exportaciones de acero de M\u00e9xico valuadas en 2 mil 100 millones de d\u00f3lares podr\u00edan verse afectados por aranceles.<br><\/p>\n\n\n\n<p>Las empresas farmac\u00e9uticas est\u00e1n preocupadas y piden no ser incluidas en la pol\u00edtica arancelaria estadounidense.<br><\/p>\n\n\n\n<p>El gobierno de M\u00e9xico, est\u00e1 abocado a la atenci\u00f3n de las demandas de EU. El secretario de Relaciones Exteriores, Juan Ram\u00f3n de la Fuente con el secretario de Estado de EU, Marco Rubio.<br><\/p>\n\n\n\n<p>Y el secretario de Econom\u00eda, Marcelo Ebrard, prepara maletas para reunirse con sus contrapartes, el secretario de Comercio, Howard Lutnik y el representante comercial Jamieson Greer.<br><\/p>\n\n\n\n<p>M\u00e9xico busca evadir el poder de la firma de Donald Trump.<\/p>\n","protected":false},"excerpt":{"rendered":"<p>Por: Marco A. Mares Cada d\u00eda que pasa est\u00e1 m\u00e1s claro que el presidente de Estados Unidos, Donald Trump, est\u00e1 decidido a iniciar una guerra comercial mundial. Y lo est\u00e1 haciendo todo, con el poder de su firma. Est\u00e1 intentando escribir un nuevo cap\u00edtulo en la historia econ\u00f3mica mundial. Busca revertir la era de la [&hellip;]<\/p>\n","protected":false},"author":1,"featured_media":75698,"comment_status":"closed","ping_status":"closed","sticky":false,"template":"","format":"standard","meta":{"footnotes":""},"categories":[32],"tags":[],"class_list":["post-75697","post","type-post","status-publish","format-standard","has-post-thumbnail","hentry","category-editorial"],"_links":{"self":[{"href":"https:\/\/elinformante.mx\/index.php?rest_route=\/wp\/v2\/posts\/75697","targetHints":{"allow":["GET"]}}],"collection":[{"href":"https:\/\/elinformante.mx\/index.php?rest_route=\/wp\/v2\/posts"}],"about":[{"href":"https:\/\/elinformante.mx\/index.php?rest_route=\/wp\/v2\/types\/post"}],"author":[{"embeddable":true,"href":"https:\/\/elinformante.mx\/index.php?rest_route=\/wp\/v2\/users\/1"}],"replies":[{"embeddable":true,"href":"https:\/\/elinformante.mx\/index.php?rest_route=%2Fwp%2Fv2%2Fcomments&post=75697"}],"version-history":[{"count":0,"href":"https:\/\/elinformante.mx\/index.php?rest_route=\/wp\/v2\/posts\/75697\/revisions"}],"wp:featuredmedia":[{"embeddable":true,"href":"https:\/\/elinformante.mx\/index.php?rest_route=\/wp\/v2\/media\/75698"}],"wp:attachment":[{"href":"https:\/\/elinformante.mx\/index.php?rest_route=%2Fwp%2Fv2%2Fmedia&parent=75697"}],"wp:term":[{"taxonomy":"category","embeddable":true,"href":"https:\/\/elinformante.mx\/index.php?rest_route=%2Fwp%2Fv2%2Fcategories&post=75697"},{"taxonomy":"post_tag","embeddable":true,"href":"https:\/\/elinformante.mx\/index.php?rest_route=%2Fwp%2Fv2%2Ftags&post=75697"}],"curies":[{"name":"wp","href":"https:\/\/api.w.org\/{rel}","templated":true}]}}