{"id":75712,"date":"2025-02-14T16:36:20","date_gmt":"2025-02-14T22:36:20","guid":{"rendered":"https:\/\/elinformante.mx\/?p=75712"},"modified":"2025-02-14T16:36:23","modified_gmt":"2025-02-14T22:36:23","slug":"encuentran-sin-vida-al-periodista-josue-otoniel-gaytan","status":"publish","type":"post","link":"https:\/\/elinformante.mx\/?p=75712","title":{"rendered":"ENCUENTRAN SIN VIDA AL PERIODISTA JOSU\u00c9 OTONIEL GAYT\u00c1N"},"content":{"rendered":"\n<p>Este viernes, localizaron sin vida al periodista Josu\u00e9 Otoniel Gayt\u00e1n en Veracruz; fund\u00f3 y dirigi\u00f3 el diario digital NDI Noticias Isla. El comunicador ya hab\u00eda recibido amenazas en su contra.\u00a0<br><\/p>\n","protected":false},"excerpt":{"rendered":"<p>Este viernes, localizaron sin vida al periodista Josu\u00e9 Otoniel Gayt\u00e1n en Veracruz; fund\u00f3 y dirigi\u00f3 el diario digital NDI Noticias Isla. El comunicador ya hab\u00eda recibido amenazas en su contra.\u00a0<\/p>\n","protected":false},"author":2,"featured_media":75713,"comment_status":"closed","ping_status":"closed","sticky":false,"template":"","format":"standard","meta":{"footnotes":""},"categories":[34],"tags":[],"class_list":["post-75712","post","type-post","status-publish","format-standard","has-post-thumbnail","hentry","category-nacional"],"_links":{"self":[{"href":"https:\/\/elinformante.mx\/index.php?rest_route=\/wp\/v2\/posts\/75712","targetHints":{"allow":["GET"]}}],"collection":[{"href":"https:\/\/elinformante.mx\/index.php?rest_route=\/wp\/v2\/posts"}],"about":[{"href":"https:\/\/elinformante.mx\/index.php?rest_route=\/wp\/v2\/types\/post"}],"author":[{"embeddable":true,"href":"https:\/\/elinformante.mx\/index.php?rest_route=\/wp\/v2\/users\/2"}],"replies":[{"embeddable":true,"href":"https:\/\/elinformante.mx\/index.php?rest_route=%2Fwp%2Fv2%2Fcomments&post=75712"}],"version-history":[{"count":0,"href":"https:\/\/elinformante.mx\/index.php?rest_route=\/wp\/v2\/posts\/75712\/revisions"}],"wp:featuredmedia":[{"embeddable":true,"href":"https:\/\/elinformante.mx\/index.php?rest_route=\/wp\/v2\/media\/75713"}],"wp:attachment":[{"href":"https:\/\/elinformante.mx\/index.php?rest_route=%2Fwp%2Fv2%2Fmedia&parent=75712"}],"wp:term":[{"taxonomy":"category","embeddable":true,"href":"https:\/\/elinformante.mx\/index.php?rest_route=%2Fwp%2Fv2%2Fcategories&post=75712"},{"taxonomy":"post_tag","embeddable":true,"href":"https:\/\/elinformante.mx\/index.php?rest_route=%2Fwp%2Fv2%2Ftags&post=75712"}],"curies":[{"name":"wp","href":"https:\/\/api.w.org\/{rel}","templated":true}]}}