{"id":75717,"date":"2025-02-14T16:38:49","date_gmt":"2025-02-14T22:38:49","guid":{"rendered":"https:\/\/elinformante.mx\/?p=75717"},"modified":"2025-02-14T16:38:52","modified_gmt":"2025-02-14T22:38:52","slug":"sheinbaum-firma-un-decreto-este-14-de-febrero","status":"publish","type":"post","link":"https:\/\/elinformante.mx\/?p=75717","title":{"rendered":"SHEINBAUM FIRMA UN DECRETO ESTE 14 DE FEBRERO"},"content":{"rendered":"\n<p>En la conferencia matutina de este d\u00eda, la presidenta de M\u00e9xico, Claudia Sheinbaum Pardo, firm\u00f3 un decreto que declara el 14 de febrero de cada a\u00f1o como el d\u00eda del aniversario luctuoso del general Vicente Guerrero, el primer presidente afromexicano.<\/p>\n\n\n\n<p><\/p>\n","protected":false},"excerpt":{"rendered":"<p>En la conferencia matutina de este d\u00eda, la presidenta de M\u00e9xico, Claudia Sheinbaum Pardo, firm\u00f3 un decreto que declara el 14 de febrero de cada a\u00f1o como el d\u00eda del aniversario luctuoso del general Vicente Guerrero, el primer presidente afromexicano.<\/p>\n","protected":false},"author":2,"featured_media":75718,"comment_status":"closed","ping_status":"closed","sticky":false,"template":"","format":"standard","meta":{"footnotes":""},"categories":[34],"tags":[],"class_list":["post-75717","post","type-post","status-publish","format-standard","has-post-thumbnail","hentry","category-nacional"],"_links":{"self":[{"href":"https:\/\/elinformante.mx\/index.php?rest_route=\/wp\/v2\/posts\/75717","targetHints":{"allow":["GET"]}}],"collection":[{"href":"https:\/\/elinformante.mx\/index.php?rest_route=\/wp\/v2\/posts"}],"about":[{"href":"https:\/\/elinformante.mx\/index.php?rest_route=\/wp\/v2\/types\/post"}],"author":[{"embeddable":true,"href":"https:\/\/elinformante.mx\/index.php?rest_route=\/wp\/v2\/users\/2"}],"replies":[{"embeddable":true,"href":"https:\/\/elinformante.mx\/index.php?rest_route=%2Fwp%2Fv2%2Fcomments&post=75717"}],"version-history":[{"count":0,"href":"https:\/\/elinformante.mx\/index.php?rest_route=\/wp\/v2\/posts\/75717\/revisions"}],"wp:featuredmedia":[{"embeddable":true,"href":"https:\/\/elinformante.mx\/index.php?rest_route=\/wp\/v2\/media\/75718"}],"wp:attachment":[{"href":"https:\/\/elinformante.mx\/index.php?rest_route=%2Fwp%2Fv2%2Fmedia&parent=75717"}],"wp:term":[{"taxonomy":"category","embeddable":true,"href":"https:\/\/elinformante.mx\/index.php?rest_route=%2Fwp%2Fv2%2Fcategories&post=75717"},{"taxonomy":"post_tag","embeddable":true,"href":"https:\/\/elinformante.mx\/index.php?rest_route=%2Fwp%2Fv2%2Ftags&post=75717"}],"curies":[{"name":"wp","href":"https:\/\/api.w.org\/{rel}","templated":true}]}}