{"id":75928,"date":"2025-02-18T06:23:49","date_gmt":"2025-02-18T12:23:49","guid":{"rendered":"https:\/\/elinformante.mx\/?p=75928"},"modified":"2025-02-18T06:25:47","modified_gmt":"2025-02-18T12:25:47","slug":"convoca-el-archivo-general-del-edomex-a-participar-en-su-programa-anual-de-actividades","status":"publish","type":"post","link":"https:\/\/elinformante.mx\/?p=75928","title":{"rendered":"Convoca el Archivo General del Edom\u00e9x a participar en su programa anual de actividades"},"content":{"rendered":"\n<figure class=\"wp-block-pullquote\"><blockquote><p>Se realizan en las modalidades virtual y presencial y en ambos casos son gratuitas.<\/p><\/blockquote><\/figure>\n\n\n\n<p class=\"has-drop-cap\">La Oficial\u00eda Mayor, a trav\u00e9s del Archivo General del Estado de M\u00e9xico, anunci\u00f3 las actividades del \u201cPrograma Anual de Formaci\u00f3n y Profesionalizaci\u00f3n en Gesti\u00f3n Documental y Administraci\u00f3n de Archivos 2025\u201d para personas servidoras p\u00fablicas con funciones archiv\u00edsticas que se desarrollar\u00e1n entre febrero y noviembre de este a\u00f1o.<br><\/p>\n\n\n\n<p>Para participar, los interesados deber\u00e1n realizar su registro en l\u00ednea a trav\u00e9s de un formulario que estar\u00e1 disponible a trav\u00e9s del sitio web: https:\/\/agemex.edomex.gob.mx\/.<br><\/p>\n\n\n\n<p>El programa consta de 31 actividades en las modalidades presencial y virtual; podr\u00e1n participar servidores p\u00fablicos de las Dependencias y Organismos Auxiliares de la Administraci\u00f3n P\u00fablica del Estado de M\u00e9xico, as\u00ed como estudiantes y ciudadan\u00eda en general.<br><\/p>\n\n\n\n<p>Se abordar\u00e1n temas como Producci\u00f3n e Integraci\u00f3n de los Documentos de Archivo como Apoyo a la Gesti\u00f3n P\u00fablica; La Descripci\u00f3n Archiv\u00edstica: Significado, Utilidad y Valor de los Documentos de Archivo; y Fundamentos b\u00e1sicos de la Gesti\u00f3n Documental Electr\u00f3nica.<br><\/p>\n\n\n\n<h2 class=\"wp-block-heading\">Asimismo, se impartir\u00e1n 12 Talleres con las siguientes tem\u00e1ticas y en las siguientes fechas:<br><\/h2>\n\n\n\n<ul class=\"wp-block-list\">\n<li>-11 de febrero, 20 de marzo, 29 de abril y 27 de mayo: Criterios T\u00e9cnicos para la Transferencia Primaria de Expedientes F\u00edsicos de Asuntos Concluidos a los Archivos de Concentraci\u00f3n.<br><\/li>\n\n\n\n<li>-20 y 21 de mayo: Tips para la Implementaci\u00f3n del Cuadro General de Clasificaci\u00f3n Archiv\u00edstica.<br><\/li>\n\n\n\n<li>-15 y 16 de julio: Elaboraci\u00f3n de Fichas T\u00e9cnicas de Valoraci\u00f3n de Serie Documental.<br><\/li>\n\n\n\n<li>-3 y 4 de septiembre: Rescate y Organizaci\u00f3n de los Fondos Documentales Acumulados para la Integraci\u00f3n del Archivo Hist\u00f3rico.<br><\/li>\n\n\n\n<li>-21 y 22 de octubre: Aspectos B\u00e1sicos para la Integraci\u00f3n del Programa Anual de Desarrollo Archiv\u00edstico y del Informe de Cumplimiento.<br><\/li>\n<\/ul>\n\n\n\n<p>El programa tambi\u00e9n considera el curso \u201cEl Archivo de Tr\u00e1mite. Gesti\u00f3n de la Documentaci\u00f3n Activa\u201d, el cual est\u00e1 dirigido principalmente a servidores p\u00fablicos responsables de archivo de tr\u00e1mite. Adem\u00e1s de 7 conferencias impartidas por expertos en temas espec\u00edficos como la Teor\u00eda de la Archiv\u00edstica en Am\u00e9rica Latina.<br><\/p>\n\n\n\n<p>El Archivo General del Estado de M\u00e9xico es considerado un referente en la promoci\u00f3n de la pr\u00e1ctica archiv\u00edstica no s\u00f3lo en M\u00e9xico, sino internacionalmente.<br><\/p>\n\n\n\n<p>Cuenta con inscripciones de distintas universidades y centros de investigaci\u00f3n de otros estados como San Luis Potos\u00ed, Chihuahua Nayarit, Veracruz y Oaxaca; as\u00ed como de otros pa\u00edses, como es el caso de participantes de Espa\u00f1a, Guatemala, Per\u00fa, Argentina, Ecuador y Bolivia.<\/p>\n","protected":false},"excerpt":{"rendered":"<p>Se realizan en las modalidades virtual y presencial y en ambos casos son gratuitas. La Oficial\u00eda Mayor, a trav\u00e9s del Archivo General del Estado de M\u00e9xico, anunci\u00f3 las actividades del \u201cPrograma Anual de Formaci\u00f3n y Profesionalizaci\u00f3n en Gesti\u00f3n Documental y Administraci\u00f3n de Archivos 2025\u201d para personas servidoras p\u00fablicas con funciones archiv\u00edsticas que se desarrollar\u00e1n entre [&hellip;]<\/p>\n","protected":false},"author":1,"featured_media":75929,"comment_status":"closed","ping_status":"closed","sticky":false,"template":"","format":"standard","meta":{"footnotes":""},"categories":[36],"tags":[],"class_list":["post-75928","post","type-post","status-publish","format-standard","has-post-thumbnail","hentry","category-edomex"],"_links":{"self":[{"href":"https:\/\/elinformante.mx\/index.php?rest_route=\/wp\/v2\/posts\/75928","targetHints":{"allow":["GET"]}}],"collection":[{"href":"https:\/\/elinformante.mx\/index.php?rest_route=\/wp\/v2\/posts"}],"about":[{"href":"https:\/\/elinformante.mx\/index.php?rest_route=\/wp\/v2\/types\/post"}],"author":[{"embeddable":true,"href":"https:\/\/elinformante.mx\/index.php?rest_route=\/wp\/v2\/users\/1"}],"replies":[{"embeddable":true,"href":"https:\/\/elinformante.mx\/index.php?rest_route=%2Fwp%2Fv2%2Fcomments&post=75928"}],"version-history":[{"count":0,"href":"https:\/\/elinformante.mx\/index.php?rest_route=\/wp\/v2\/posts\/75928\/revisions"}],"wp:featuredmedia":[{"embeddable":true,"href":"https:\/\/elinformante.mx\/index.php?rest_route=\/wp\/v2\/media\/75929"}],"wp:attachment":[{"href":"https:\/\/elinformante.mx\/index.php?rest_route=%2Fwp%2Fv2%2Fmedia&parent=75928"}],"wp:term":[{"taxonomy":"category","embeddable":true,"href":"https:\/\/elinformante.mx\/index.php?rest_route=%2Fwp%2Fv2%2Fcategories&post=75928"},{"taxonomy":"post_tag","embeddable":true,"href":"https:\/\/elinformante.mx\/index.php?rest_route=%2Fwp%2Fv2%2Ftags&post=75928"}],"curies":[{"name":"wp","href":"https:\/\/api.w.org\/{rel}","templated":true}]}}