{"id":75936,"date":"2025-02-18T06:28:46","date_gmt":"2025-02-18T12:28:46","guid":{"rendered":"https:\/\/elinformante.mx\/?p=75936"},"modified":"2025-02-18T06:28:49","modified_gmt":"2025-02-18T12:28:49","slug":"llega-a-primarias-de-comunidades-indigenas-de-lerma-feria-de-ciencia","status":"publish","type":"post","link":"https:\/\/elinformante.mx\/?p=75936","title":{"rendered":"Llega a primarias de comunidades ind\u00edgenas de Lerma Feria de Ciencia"},"content":{"rendered":"\n<figure class=\"wp-block-pullquote\"><blockquote><p>Desde hace un a\u00f1o y medio decidi\u00f3 iniciar un proyecto para llevar estos eventos a primarias ubicadas en comunidades ind\u00edgenas.<\/p><\/blockquote><\/figure>\n\n\n\n<p class=\"has-drop-cap\">La investigadora de la Facultad de Ciencias de la Universidad Aut\u00f3noma del Estado de M\u00e9xico (UAEM\u00e9x), Mar\u00eda Guadalupe Gonz\u00e1lez Pedroza, junto a su equipo, han creado un proyecto para llevar Ferias de la Ciencia a comunidades ind\u00edgenas, donde se conoce poco o nada de estos temas.<br><\/p>\n\n\n\n<p>Desde hace un a\u00f1o y medio decidi\u00f3 iniciar un proyecto para llevar estos eventos a primarias ubicadas en comunidades ind\u00edgenas.<br><\/p>\n\n\n\n<p>La primera edici\u00f3n se realiz\u00f3 en una primaria en Toluca, y para esta segunda feria que se realiz\u00f3 lleg\u00f3 a 150 estudiantes que habitan la comunidad ind\u00edgena, a la cual se unieron estudiantes de la Facultad de Qu\u00edmica y de la UAM Lerma, por lo que Gonz\u00e1lez Pedroza se\u00f1al\u00f3 que existe un inter\u00e9s por parte de los cient\u00edficos de seguir llevando el conocimiento a lugares alejados de la ciudad.<br><\/p>\n\n\n\n<p>\u201cEstoy muy emocionada y muy contenta. Las ni\u00f1as que de repente se ponen sus lentes y juegan a ser cient\u00edficas me recuerdan tanto a mi ni\u00f1ez\u201d, mencion\u00f3 con alegr\u00eda.<br><\/p>\n\n\n\n<p>El objetivo es llevar las ferias de la ciencia a m\u00e1s municipios del Estado de M\u00e9xico, aunque Mar\u00eda lament\u00f3 que la meta va lenta debido a que varios de los colaboradores laboran en trabajos fijos y otros proyectos que le consumen tiempo.<br><\/p>\n\n\n\n<p>Detall\u00f3 que en ocasiones es una labor dif\u00edcil, pero que, pese a las dificultades que puedan presentarse, no ha pensado en rendirse y, por el contrario, sigue tocando puertas y buscando opciones, ya que, asegur\u00f3, \u201chace falta much\u00edsimo trabajo en promover la ciencia\u201d.<\/p>\n","protected":false},"excerpt":{"rendered":"<p>Desde hace un a\u00f1o y medio decidi\u00f3 iniciar un proyecto para llevar estos eventos a primarias ubicadas en comunidades ind\u00edgenas. La investigadora de la Facultad de Ciencias de la Universidad Aut\u00f3noma del Estado de M\u00e9xico (UAEM\u00e9x), Mar\u00eda Guadalupe Gonz\u00e1lez Pedroza, junto a su equipo, han creado un proyecto para llevar Ferias de la Ciencia a [&hellip;]<\/p>\n","protected":false},"author":1,"featured_media":75937,"comment_status":"closed","ping_status":"closed","sticky":false,"template":"","format":"standard","meta":{"footnotes":""},"categories":[36],"tags":[],"class_list":["post-75936","post","type-post","status-publish","format-standard","has-post-thumbnail","hentry","category-edomex"],"_links":{"self":[{"href":"https:\/\/elinformante.mx\/index.php?rest_route=\/wp\/v2\/posts\/75936","targetHints":{"allow":["GET"]}}],"collection":[{"href":"https:\/\/elinformante.mx\/index.php?rest_route=\/wp\/v2\/posts"}],"about":[{"href":"https:\/\/elinformante.mx\/index.php?rest_route=\/wp\/v2\/types\/post"}],"author":[{"embeddable":true,"href":"https:\/\/elinformante.mx\/index.php?rest_route=\/wp\/v2\/users\/1"}],"replies":[{"embeddable":true,"href":"https:\/\/elinformante.mx\/index.php?rest_route=%2Fwp%2Fv2%2Fcomments&post=75936"}],"version-history":[{"count":0,"href":"https:\/\/elinformante.mx\/index.php?rest_route=\/wp\/v2\/posts\/75936\/revisions"}],"wp:featuredmedia":[{"embeddable":true,"href":"https:\/\/elinformante.mx\/index.php?rest_route=\/wp\/v2\/media\/75937"}],"wp:attachment":[{"href":"https:\/\/elinformante.mx\/index.php?rest_route=%2Fwp%2Fv2%2Fmedia&parent=75936"}],"wp:term":[{"taxonomy":"category","embeddable":true,"href":"https:\/\/elinformante.mx\/index.php?rest_route=%2Fwp%2Fv2%2Fcategories&post=75936"},{"taxonomy":"post_tag","embeddable":true,"href":"https:\/\/elinformante.mx\/index.php?rest_route=%2Fwp%2Fv2%2Ftags&post=75936"}],"curies":[{"name":"wp","href":"https:\/\/api.w.org\/{rel}","templated":true}]}}