{"id":75939,"date":"2025-02-18T06:34:11","date_gmt":"2025-02-18T12:34:11","guid":{"rendered":"https:\/\/elinformante.mx\/?p=75939"},"modified":"2025-02-18T06:34:14","modified_gmt":"2025-02-18T12:34:14","slug":"se-llevaran-a-cabo-en-san-mateo-atenco-bodas-comunitarias-gratuitas","status":"publish","type":"post","link":"https:\/\/elinformante.mx\/?p=75939","title":{"rendered":"Se llevar\u00e1n a cabo en San Mateo Atenco bodas comunitarias gratuitas"},"content":{"rendered":"\n<figure class=\"wp-block-pullquote\"><blockquote><p>Esta iniciativa garantizar\u00e1 los derechos y beneficios legales, brind\u00e1ndoles mayor seguridad jur\u00eddica y estabilidad a las familias mexiquenses de este municipio.<\/p><\/blockquote><\/figure>\n\n\n\n<p class=\"has-drop-cap\">Recientemente, el gobierno municipal de San Mateo Atenco ha anunciado la apertura de su programa \u201cBodas Comunitarias 2025\u201d, un servicio completamente gratuito que permitir\u00e1 a las parejas unir sus vidas de manera legal sin preocuparse por los costos del tr\u00e1mite.<br><\/p>\n\n\n\n<p>Con el programa se busca apoyar a las parejas que desean formalizar su relaci\u00f3n, pero que, por distintas razones, no han podido realizar el proceso ante el Registro Civil.<br><\/p>\n\n\n\n<p>Esta iniciativa garantizar\u00e1 los derechos y beneficios legales, brind\u00e1ndoles mayor seguridad jur\u00eddica y estabilidad a las familias mexiquenses de este municipio.<br><\/p>\n\n\n\n<p>Se celebrar\u00e1 la boda comunitaria el pr\u00f3ximo 9 de marzo, pero la recepci\u00f3n de documentos ser\u00e1 exclusivamente del 1 de febrero al 5 de marzo, por lo que a\u00fan est\u00e1s a tiempo de llevar tus papeles para formar parte de estos matrimonios comunitarios.<br><\/p>\n\n\n\n<p>El evento contar\u00e1 con una ceremonia masiva en la que los participantes recibir\u00e1n su acta de matrimonio sin costo alguno, adem\u00e1s de sorpresas y detalles que har\u00e1n de esta experiencia un momento inolvidable.<br><\/p>\n\n\n\n<figure class=\"wp-block-image size-large\"><img fetchpriority=\"high\" decoding=\"async\" width=\"739\" height=\"1024\" src=\"https:\/\/elinformante.mx\/wp-content\/uploads\/2025\/02\/11san-mateo-1-739x1024.jpg\" alt=\"\" class=\"wp-image-75940\" srcset=\"https:\/\/elinformante.mx\/wp-content\/uploads\/2025\/02\/11san-mateo-1-739x1024.jpg 739w, https:\/\/elinformante.mx\/wp-content\/uploads\/2025\/02\/11san-mateo-1-216x300.jpg 216w, https:\/\/elinformante.mx\/wp-content\/uploads\/2025\/02\/11san-mateo-1-768x1064.jpg 768w, https:\/\/elinformante.mx\/wp-content\/uploads\/2025\/02\/11san-mateo-1-1108x1536.jpg 1108w, https:\/\/elinformante.mx\/wp-content\/uploads\/2025\/02\/11san-mateo-1.jpg 1140w\" sizes=\"(max-width: 739px) 100vw, 739px\" \/><\/figure>\n\n\n\n<p>Las bodas comunitarias se celebrar\u00e1n el domingo 9 de marzo en la Plaza C\u00edvica Benito Ju\u00e1rez, es decir, justo en el centro de San Mateo Atenco.<br><\/p>\n\n\n\n<p>Para poder ser parte de esta ceremonia civil, deber\u00e1s entregar previamente cierta documentaci\u00f3n a las autoridades del Registro Civil en un horario de lunes a viernes de las 09:00 a las 16:00 horas o los s\u00e1bados de las 10:00 a las 13:00 hora en:<br><\/p>\n\n\n\n<ul class=\"wp-block-list\">\n<li>Oficial\u00eda 1: Interior del Palacio Municipal<br><\/li>\n\n\n\n<li>Oficial\u00eda 2: Ciudad Mujeres en la Calle Miguel Hidalgo 1031 en el Barrio de Santa Mar\u00eda la Asunci\u00f3n<br><\/li>\n<\/ul>\n\n\n\n<p>Las autoridades municipales de San Mateo Atenco anunciaron que los requisitos y documentaci\u00f3n para casarse en las ceremonias comunitarias gratuitas son:<br><\/p>\n\n\n\n<ul class=\"wp-block-list\">\n<li>Ser mayores de edad<br><\/li>\n\n\n\n<li>No tener impedimentos para contraer matrimonio<br><\/li>\n\n\n\n<li>Manifestar el deseo de unirse de manera voluntaria<br><\/li>\n\n\n\n<li>Entregar los documentos en alguna de las Oficial\u00edas<br><\/li>\n\n\n\n<li>Llenar el formato de matrimonio en el Registro Civil<br><\/li>\n\n\n\n<li>Copia certificada del acta de nacimiento de ambos contrayentes<br><\/li>\n\n\n\n<li>Identificaci\u00f3n oficial vigente de la pareja<br><\/li>\n\n\n\n<li>Convenio sobre el r\u00e9gimen conyugal o de separaci\u00f3n de bienes<br><\/li>\n\n\n\n<li>Certificado m\u00e9dico<\/li>\n<\/ul>\n\n\n\n<p><\/p>\n","protected":false},"excerpt":{"rendered":"<p>Esta iniciativa garantizar\u00e1 los derechos y beneficios legales, brind\u00e1ndoles mayor seguridad jur\u00eddica y estabilidad a las familias mexiquenses de este municipio. Recientemente, el gobierno municipal de San Mateo Atenco ha anunciado la apertura de su programa \u201cBodas Comunitarias 2025\u201d, un servicio completamente gratuito que permitir\u00e1 a las parejas unir sus vidas de manera legal sin [&hellip;]<\/p>\n","protected":false},"author":1,"featured_media":75941,"comment_status":"closed","ping_status":"closed","sticky":false,"template":"","format":"standard","meta":{"footnotes":""},"categories":[30,36],"tags":[],"class_list":["post-75939","post","type-post","status-publish","format-standard","has-post-thumbnail","hentry","category-destacado","category-edomex"],"_links":{"self":[{"href":"https:\/\/elinformante.mx\/index.php?rest_route=\/wp\/v2\/posts\/75939","targetHints":{"allow":["GET"]}}],"collection":[{"href":"https:\/\/elinformante.mx\/index.php?rest_route=\/wp\/v2\/posts"}],"about":[{"href":"https:\/\/elinformante.mx\/index.php?rest_route=\/wp\/v2\/types\/post"}],"author":[{"embeddable":true,"href":"https:\/\/elinformante.mx\/index.php?rest_route=\/wp\/v2\/users\/1"}],"replies":[{"embeddable":true,"href":"https:\/\/elinformante.mx\/index.php?rest_route=%2Fwp%2Fv2%2Fcomments&post=75939"}],"version-history":[{"count":0,"href":"https:\/\/elinformante.mx\/index.php?rest_route=\/wp\/v2\/posts\/75939\/revisions"}],"wp:featuredmedia":[{"embeddable":true,"href":"https:\/\/elinformante.mx\/index.php?rest_route=\/wp\/v2\/media\/75941"}],"wp:attachment":[{"href":"https:\/\/elinformante.mx\/index.php?rest_route=%2Fwp%2Fv2%2Fmedia&parent=75939"}],"wp:term":[{"taxonomy":"category","embeddable":true,"href":"https:\/\/elinformante.mx\/index.php?rest_route=%2Fwp%2Fv2%2Fcategories&post=75939"},{"taxonomy":"post_tag","embeddable":true,"href":"https:\/\/elinformante.mx\/index.php?rest_route=%2Fwp%2Fv2%2Ftags&post=75939"}],"curies":[{"name":"wp","href":"https:\/\/api.w.org\/{rel}","templated":true}]}}