{"id":75949,"date":"2025-02-18T06:46:11","date_gmt":"2025-02-18T12:46:11","guid":{"rendered":"https:\/\/elinformante.mx\/?p=75949"},"modified":"2025-02-18T06:46:14","modified_gmt":"2025-02-18T12:46:14","slug":"los-programas-del-bienestar-seran-para-integrar-el-plan-de-desarrollo-municipal-de-toluca","status":"publish","type":"post","link":"https:\/\/elinformante.mx\/?p=75949","title":{"rendered":"Los programas del Bienestar ser\u00e1n para integrar el Plan de Desarrollo Municipal de Toluca"},"content":{"rendered":"\n<figure class=\"wp-block-pullquote\"><blockquote><p>Los programas municipales estar\u00e1n alineados al Plan de Desarrollo del Estado de M\u00e9xico 2023-2029, encabezado por la Gobernadora Delfina G\u00f3mez \u00c1lvarez.<\/p><\/blockquote><\/figure>\n\n\n\n<p class=\"has-drop-cap\">\u201cDelinear las estrategias para combatir la pobreza, que ha lacerado y afectado por d\u00e9cadas la vida de las familias mexiquenses, es una prioridad para la actual administraci\u00f3n, asegur\u00f3 Juan Carlos Gonz\u00e1lez Romero, Secretario de Bienestar, durante el Foro de Consulta Popular Eje 4 Bienestar Social, para la construcci\u00f3n del Plan de Desarrollo Municipal del Ayuntamiento de Toluca 2025-2027.<br><\/p>\n\n\n\n<p>Se\u00f1al\u00f3 que el Foro de Consulta Popular permite compartir la visi\u00f3n de implementar acciones a favor de la poblaci\u00f3n para elevar su calidad de vida, tal como lo impulsa la Mandataria estatal en el Plan de Desarrollo del Estado de M\u00e9xico, 2023-2029, cuyo Eje Cuatro, corresponde a Bienestar Social.<br><\/p>\n\n\n\n<p>Bajo esa perspectiva, Juan Carlos Gonz\u00e1lez Romero, se refiri\u00f3 a los programas Mujeres con Bienestar, Alimentaci\u00f3n para el Bienestar, Servir para el Bienestar, Ni\u00f1ez Ind\u00edgena con Bienestar, Desarrollo Ind\u00edgena con Bienestar, Bienestar Cultural Ind\u00edgena y J\u00f3venes con Bienestar, los cuales son implementados por el Gobierno estatal y est\u00e1n dirigidos a sectores poblacionales en vulnerabilidad con el objetivo de garantizar su desarrollo integral y el acceso equitativo a oportunidades de educaci\u00f3n, salud, vivienda, alimentaci\u00f3n, empleo y seguridad.<br><\/p>\n\n\n\n<p>Finalmente, resalt\u00f3 que el Estado de M\u00e9xico y su poblaci\u00f3n requiere de pol\u00edticas p\u00fablicas que atiendan las demandas de una sociedad din\u00e1mica que va en crecimiento, por medio de un enfoque transversal e interinstitucional, por lo cual es fundamental el trabajo colaborativo entre niveles de Gobierno y la poblaci\u00f3n.<\/p>\n","protected":false},"excerpt":{"rendered":"<p>Los programas municipales estar\u00e1n alineados al Plan de Desarrollo del Estado de M\u00e9xico 2023-2029, encabezado por la Gobernadora Delfina G\u00f3mez \u00c1lvarez. \u201cDelinear las estrategias para combatir la pobreza, que ha lacerado y afectado por d\u00e9cadas la vida de las familias mexiquenses, es una prioridad para la actual administraci\u00f3n, asegur\u00f3 Juan Carlos Gonz\u00e1lez Romero, Secretario de [&hellip;]<\/p>\n","protected":false},"author":1,"featured_media":75950,"comment_status":"closed","ping_status":"closed","sticky":false,"template":"","format":"standard","meta":{"footnotes":""},"categories":[36],"tags":[],"class_list":["post-75949","post","type-post","status-publish","format-standard","has-post-thumbnail","hentry","category-edomex"],"_links":{"self":[{"href":"https:\/\/elinformante.mx\/index.php?rest_route=\/wp\/v2\/posts\/75949","targetHints":{"allow":["GET"]}}],"collection":[{"href":"https:\/\/elinformante.mx\/index.php?rest_route=\/wp\/v2\/posts"}],"about":[{"href":"https:\/\/elinformante.mx\/index.php?rest_route=\/wp\/v2\/types\/post"}],"author":[{"embeddable":true,"href":"https:\/\/elinformante.mx\/index.php?rest_route=\/wp\/v2\/users\/1"}],"replies":[{"embeddable":true,"href":"https:\/\/elinformante.mx\/index.php?rest_route=%2Fwp%2Fv2%2Fcomments&post=75949"}],"version-history":[{"count":0,"href":"https:\/\/elinformante.mx\/index.php?rest_route=\/wp\/v2\/posts\/75949\/revisions"}],"wp:featuredmedia":[{"embeddable":true,"href":"https:\/\/elinformante.mx\/index.php?rest_route=\/wp\/v2\/media\/75950"}],"wp:attachment":[{"href":"https:\/\/elinformante.mx\/index.php?rest_route=%2Fwp%2Fv2%2Fmedia&parent=75949"}],"wp:term":[{"taxonomy":"category","embeddable":true,"href":"https:\/\/elinformante.mx\/index.php?rest_route=%2Fwp%2Fv2%2Fcategories&post=75949"},{"taxonomy":"post_tag","embeddable":true,"href":"https:\/\/elinformante.mx\/index.php?rest_route=%2Fwp%2Fv2%2Ftags&post=75949"}],"curies":[{"name":"wp","href":"https:\/\/api.w.org\/{rel}","templated":true}]}}