{"id":75955,"date":"2025-02-18T06:54:55","date_gmt":"2025-02-18T12:54:55","guid":{"rendered":"https:\/\/elinformante.mx\/?p=75955"},"modified":"2025-02-18T06:55:00","modified_gmt":"2025-02-18T12:55:00","slug":"recibe-delfina-gomez-alvarez-al-embajador-de-alemania-dr-clemens-von-goetze","status":"publish","type":"post","link":"https:\/\/elinformante.mx\/?p=75955","title":{"rendered":"Recibe Delfina G\u00f3mez \u00c1lvarez al Embajador de Alemania, Dr. Clemens Von Goetze"},"content":{"rendered":"\n<figure class=\"wp-block-pullquote\"><blockquote><p>El Estado de M\u00e9xico se ha consolidado como uno de los principales aliados del pa\u00eds germano y fuente de Inversi\u00f3n Extranjera Directa.<\/p><\/blockquote><\/figure>\n\n\n\n<p class=\"has-drop-cap\">La Gobernadora del Estado de M\u00e9xico, Delfina G\u00f3mez \u00c1lvarez, recibi\u00f3 en Palacio de Gobierno al Embajador de Alemania en M\u00e9xico, Dr. Clemens Von Goetze, con quien platic\u00f3 de las ventajas competitivas de la entidad tanto para la inversi\u00f3n como para el desarrollo de nuevos proyectos, reforzando su posici\u00f3n como uno de los principales socios econ\u00f3micos de Alemania y fuente de la Inversi\u00f3n Extranjera Directa en M\u00e9xico.<br><\/p>\n\n\n\n<p>\u201cFue un gusto recibir en Palacio de Gobierno al Excelent\u00edsimo Embajador de Alemania en M\u00e9xico, Doctor Clemens Von Goetze. Dialogamos sobre temas de desarrollo econ\u00f3mico, movilidad, educaci\u00f3n, ciencia y tecnolog\u00eda, estrechando la coordinaci\u00f3n y la colaboraci\u00f3n, para as\u00ed reforzar al #EdoM\u00e9x como un destino atractivo para la inversi\u00f3n y un referente importante en el crecimiento econ\u00f3mico del pa\u00eds\u201d se\u00f1al\u00f3 la Gobernadora Delfina G\u00f3mez en sus redes sociales.<br><\/p>\n\n\n\n<p>En el Estado de M\u00e9xico existen 198 empresas de origen Alem\u00e1n, destacando los sectores de comercio, automotriz, maquinaria, equipo para la construcci\u00f3n y la industria qu\u00edmica, estas, operan principalmente en los municipios de Toluca, Lerma, Cuautitl\u00e1n Izcalli, Tlalnepantla y Naucalpan.<br><\/p>\n\n\n\n<p>En la presente administraci\u00f3n estatal, de septiembre 2023 al tercer trimestre de 2024, Alemania se ha posicionado como el segundo pa\u00eds que m\u00e1s recursos ha invertido en la entidad, con 251 millones de d\u00f3lares, el 9.1 por ciento de los 2 mil 750 millones de d\u00f3lares que recibi\u00f3 la entidad, de acuerdo a registros de la Secretar\u00eda de Econom\u00eda del Gobierno del M\u00e9xico.<br><\/p>\n\n\n\n<figure class=\"wp-block-image size-large\"><img fetchpriority=\"high\" decoding=\"async\" width=\"1024\" height=\"506\" src=\"https:\/\/elinformante.mx\/wp-content\/uploads\/2025\/02\/7recibe-2-1024x506.jpg\" alt=\"\" class=\"wp-image-75957\" srcset=\"https:\/\/elinformante.mx\/wp-content\/uploads\/2025\/02\/7recibe-2-1024x506.jpg 1024w, https:\/\/elinformante.mx\/wp-content\/uploads\/2025\/02\/7recibe-2-300x148.jpg 300w, https:\/\/elinformante.mx\/wp-content\/uploads\/2025\/02\/7recibe-2-768x379.jpg 768w, https:\/\/elinformante.mx\/wp-content\/uploads\/2025\/02\/7recibe-2.jpg 1140w\" sizes=\"(max-width: 1024px) 100vw, 1024px\" \/><\/figure>\n\n\n\n<p>El Edom\u00e9x se ha consolidado como uno de los principales socios econ\u00f3micos de Alemania en M\u00e9xico, en 2023, las exportaciones de la entidad hacia Alemania ascendieron a mil 285 millones de d\u00f3lares.<br><\/p>\n\n\n\n<p>En cuanto a las importaciones, la entidad mexiquense represent\u00f3 mil 804 millones de d\u00f3lares, evidenciando su relevancia como destino para las manufacturas alemanas.<br><\/p>\n\n\n\n<p>Estas cifras reflejan la solidez del comercio bilateral y establecen una base s\u00f3lida para identificar \u00e1reas de oportunidad que potencien a\u00fan m\u00e1s los intercambios econ\u00f3micos entre estos el Plan M\u00e9xico y el nearshoring.<br><\/p>\n\n\n\n<p>En esta reuni\u00f3n estuvieron presentes, la Secretaria de Desarrollo Econ\u00f3mico, Laura Gonz\u00e1lez Hern\u00e1ndez, y los Secretarios de Movilidad Daniel Andr\u00e9s Sibaja Gonz\u00e1lez, de Finanzas Oscar Flores Jim\u00e9nez, autoridades de la Secretar\u00eda de Educaci\u00f3n as\u00ed como el titular del Consejo Mexiquense de Ciencia y Tecnolog\u00eda (Comecyt), V\u00edctor Daniel \u00c1vila Akerberg.<br><\/p>\n\n\n\n<p>Durante su estancia en la capital mexiquense, el embajador Clemens Von Goetze, realiz\u00f3 un recorrido en el Tren \u201cEl Insurgente\u201d, acompa\u00f1ado por el Secretario de Movilidad, Daniel Andr\u00e9s Sibaja; y visit\u00f3 las plantas en Toluca de las empresas Alemanas Robert Bosch y Schunk, donde conoci\u00f3 a los mexiquenses que ah\u00ed labora, la producci\u00f3n y datos generales de las mismas.<\/p>\n","protected":false},"excerpt":{"rendered":"<p>El Estado de M\u00e9xico se ha consolidado como uno de los principales aliados del pa\u00eds germano y fuente de Inversi\u00f3n Extranjera Directa. La Gobernadora del Estado de M\u00e9xico, Delfina G\u00f3mez \u00c1lvarez, recibi\u00f3 en Palacio de Gobierno al Embajador de Alemania en M\u00e9xico, Dr. Clemens Von Goetze, con quien platic\u00f3 de las ventajas competitivas de la [&hellip;]<\/p>\n","protected":false},"author":1,"featured_media":75956,"comment_status":"closed","ping_status":"closed","sticky":false,"template":"","format":"standard","meta":{"footnotes":""},"categories":[30,36,31],"tags":[],"class_list":["post-75955","post","type-post","status-publish","format-standard","has-post-thumbnail","hentry","category-destacado","category-edomex","category-portada"],"_links":{"self":[{"href":"https:\/\/elinformante.mx\/index.php?rest_route=\/wp\/v2\/posts\/75955","targetHints":{"allow":["GET"]}}],"collection":[{"href":"https:\/\/elinformante.mx\/index.php?rest_route=\/wp\/v2\/posts"}],"about":[{"href":"https:\/\/elinformante.mx\/index.php?rest_route=\/wp\/v2\/types\/post"}],"author":[{"embeddable":true,"href":"https:\/\/elinformante.mx\/index.php?rest_route=\/wp\/v2\/users\/1"}],"replies":[{"embeddable":true,"href":"https:\/\/elinformante.mx\/index.php?rest_route=%2Fwp%2Fv2%2Fcomments&post=75955"}],"version-history":[{"count":0,"href":"https:\/\/elinformante.mx\/index.php?rest_route=\/wp\/v2\/posts\/75955\/revisions"}],"wp:featuredmedia":[{"embeddable":true,"href":"https:\/\/elinformante.mx\/index.php?rest_route=\/wp\/v2\/media\/75956"}],"wp:attachment":[{"href":"https:\/\/elinformante.mx\/index.php?rest_route=%2Fwp%2Fv2%2Fmedia&parent=75955"}],"wp:term":[{"taxonomy":"category","embeddable":true,"href":"https:\/\/elinformante.mx\/index.php?rest_route=%2Fwp%2Fv2%2Fcategories&post=75955"},{"taxonomy":"post_tag","embeddable":true,"href":"https:\/\/elinformante.mx\/index.php?rest_route=%2Fwp%2Fv2%2Ftags&post=75955"}],"curies":[{"name":"wp","href":"https:\/\/api.w.org\/{rel}","templated":true}]}}