{"id":75981,"date":"2025-02-18T07:28:21","date_gmt":"2025-02-18T13:28:21","guid":{"rendered":"https:\/\/elinformante.mx\/?p=75981"},"modified":"2025-02-18T07:28:28","modified_gmt":"2025-02-18T13:28:28","slug":"queretaro-busca-prohibir-uso-de-redes-sociales-a-menores","status":"publish","type":"post","link":"https:\/\/elinformante.mx\/?p=75981","title":{"rendered":"Quer\u00e9taro busca prohibir uso de redes sociales a menores"},"content":{"rendered":"\n<figure class=\"wp-block-pullquote\"><blockquote><p>Los menores de entre 15 y 17 a\u00f1os deber\u00e1n contar con permiso de sus padres para poder acceder a redes sociales, propuso Mauricio Kuri.<\/p><\/blockquote><\/figure>\n\n\n\n<p class=\"has-drop-cap\">Mauricio Kuri, gobernador de Quer\u00e9taro, anunci\u00f3 una iniciativa de ley que busca prohibir el acceso a redes sociales para menores de 14 a\u00f1os.<br><\/p>\n\n\n\n<p>Kuri afirm\u00f3 que se trata de un esfuerzo por proteger la salud mental y el bienestar de los ni\u00f1os y adolescentes.<br><\/p>\n\n\n\n<p>Mediante un video difundido en sus redes sociales, el gobernador queretano dijo que esta medida, que ser\u00e1 enviada al Congreso local y federal, responde a preocupaciones crecientes sobre el impacto negativo que el uso indiscriminado de estas plataformas tiene en la juventud.<br><\/p>\n\n\n\n<p>Kuri enfatiz\u00f3 la importancia de las familias en la formaci\u00f3n de valores y la identidad de los j\u00f3venes.<br><\/p>\n\n\n\n<p>Destac\u00f3 que las redes sociales, aunque pueden ser un medio de entretenimiento y expresi\u00f3n, requieren un uso responsable y maduro.<br><\/p>\n\n\n\n<p>Advirti\u00f3 que m\u00e1s del 70% de los menores en Quer\u00e9taro utilizan redes sociales, lo que ha llevado a un aumento en casos de ciberacoso y problemas de salud mental entre los adolescentes.<br><\/p>\n\n\n\n<p>La propuesta del gobernador incluye varias medidas clave:<br><\/p>\n\n\n\n<p>Prohibici\u00f3n del acceso a redes sociales para menores de 14 a\u00f1os: Las empresas de redes sociales no podr\u00e1n permitir el registro o uso por parte de ni\u00f1os menores de esta edad.<br><\/p>\n\n\n\n<p>Autorizaci\u00f3n parental para adolescentes: Los usuarios entre 15 y 17 a\u00f1os deber\u00e1n contar con una autorizaci\u00f3n expl\u00edcita de sus padres para acceder a estas plataformas.<br><\/p>\n\n\n\n<p>Prohibici\u00f3n del uso de tel\u00e9fonos celulares en escuelas: Se busca eliminar las distracciones que estos dispositivos generan en el entorno educativo.<br><\/p>\n\n\n\n<p>Incremento en las penas para acosadores digitales: La iniciativa contempla sanciones m\u00e1s severas para quienes cometan delitos relacionados con el ciberacoso.<br><\/p>\n\n\n\n<p>Adem\u00e1s Kuri tambi\u00e9n anunci\u00f3 su intenci\u00f3n de convocar a alcaldes y autoridades deportivas para crear \u201cZonas J\u00f3venes\u201d, espacios dise\u00f1ados para fomentar la convivencia, el deporte y la cultura entre los j\u00f3venes, alej\u00e1ndolos del uso excesivo de tecnolog\u00eda.<\/p>\n","protected":false},"excerpt":{"rendered":"<p>Los menores de entre 15 y 17 a\u00f1os deber\u00e1n contar con permiso de sus padres para poder acceder a redes sociales, propuso Mauricio Kuri. Mauricio Kuri, gobernador de Quer\u00e9taro, anunci\u00f3 una iniciativa de ley que busca prohibir el acceso a redes sociales para menores de 14 a\u00f1os. Kuri afirm\u00f3 que se trata de un esfuerzo [&hellip;]<\/p>\n","protected":false},"author":1,"featured_media":75982,"comment_status":"closed","ping_status":"closed","sticky":false,"template":"","format":"standard","meta":{"footnotes":""},"categories":[30,34],"tags":[],"class_list":["post-75981","post","type-post","status-publish","format-standard","has-post-thumbnail","hentry","category-destacado","category-nacional"],"_links":{"self":[{"href":"https:\/\/elinformante.mx\/index.php?rest_route=\/wp\/v2\/posts\/75981","targetHints":{"allow":["GET"]}}],"collection":[{"href":"https:\/\/elinformante.mx\/index.php?rest_route=\/wp\/v2\/posts"}],"about":[{"href":"https:\/\/elinformante.mx\/index.php?rest_route=\/wp\/v2\/types\/post"}],"author":[{"embeddable":true,"href":"https:\/\/elinformante.mx\/index.php?rest_route=\/wp\/v2\/users\/1"}],"replies":[{"embeddable":true,"href":"https:\/\/elinformante.mx\/index.php?rest_route=%2Fwp%2Fv2%2Fcomments&post=75981"}],"version-history":[{"count":0,"href":"https:\/\/elinformante.mx\/index.php?rest_route=\/wp\/v2\/posts\/75981\/revisions"}],"wp:featuredmedia":[{"embeddable":true,"href":"https:\/\/elinformante.mx\/index.php?rest_route=\/wp\/v2\/media\/75982"}],"wp:attachment":[{"href":"https:\/\/elinformante.mx\/index.php?rest_route=%2Fwp%2Fv2%2Fmedia&parent=75981"}],"wp:term":[{"taxonomy":"category","embeddable":true,"href":"https:\/\/elinformante.mx\/index.php?rest_route=%2Fwp%2Fv2%2Fcategories&post=75981"},{"taxonomy":"post_tag","embeddable":true,"href":"https:\/\/elinformante.mx\/index.php?rest_route=%2Fwp%2Fv2%2Ftags&post=75981"}],"curies":[{"name":"wp","href":"https:\/\/api.w.org\/{rel}","templated":true}]}}