{"id":75985,"date":"2025-02-18T07:34:17","date_gmt":"2025-02-18T13:34:17","guid":{"rendered":"https:\/\/elinformante.mx\/?p=75985"},"modified":"2025-02-18T07:34:20","modified_gmt":"2025-02-18T13:34:20","slug":"no-existen-pruebas-de-que-fatima-haya-sido-arrojada-en-la-secundaria-mario-delgado","status":"publish","type":"post","link":"https:\/\/elinformante.mx\/?p=75985","title":{"rendered":"\u201cNo existen pruebas de que F\u00e1tima haya sido arrojada en la secundaria\u201d: Mario Delgado"},"content":{"rendered":"\n<figure class=\"wp-block-pullquote\"><blockquote><p>El secretario afirm\u00f3 que la joven y su familia han sido atendidos por la SEP desde el inicio de la crisis.<\/p><\/blockquote><\/figure>\n\n\n\n<p class=\"has-drop-cap\">Una nueva pol\u00e9mica se suma al caso de F\u00e1tima, la alumna de la secundaria 236, en Iztapalapa, que fue, presuntamente agredida por sus compa\u00f1eros y cuya investigaci\u00f3n se esta llevando a cabo.<br><\/p>\n\n\n\n<p>\u201cSe sigue investigando, debido a que no existen pruebas de que la adolescente haya sido arrojada por sus compa\u00f1eros desde uno de los edificios del plantel, dijo el secretario de Educaci\u00f3n, Mario Delgado.<br><\/p>\n\n\n\n<p>Delgado dijo que desde diciembre del a\u00f1o pasado se sigui\u00f3 el protocolo para atender el caso de \u201cbullying\u201d en contra de F\u00e1tima, para lo c\u00faal se llevar\u00f3n a cabo reuniones con profesores, alumnos y sus padres para tratar de frenar las agresiones en general y en particular en contra de la joven en cuesti\u00f3n.<br><\/p>\n\n\n\n<p>\u201cAqu\u00ed lo que pas\u00f3 en esta secundaria, en la 236, es que s\u00ed se detect\u00f3 el problema. Los maestros hablaron con los alumnos, pero los padres de familia de los otros ni\u00f1os, de los ni\u00f1os que son, pues los que eran m\u00e1s agresivos, pues no asistieron. Entonces, tenemos que hacer conciencia.<br><\/p>\n\n\n\n<p>\u201cMuchas veces tambi\u00e9n los ni\u00f1os \u2018buleadores\u2019 son v\u00edctimas de otro tipo de violencia. Entonces, es algo que tenemos que enfrentar entre todos. Entonces, yo tengo inter\u00e9s en reunirme con los padres de familias de esa secundaria para hablar sobre esto\u201d, expuso Delgado.<br><\/p>\n\n\n\n<p>El secretario afirm\u00f3 que la joven y su familia han sido atendidos por la SEP desde el inicio de la crisis.<br><\/p>\n\n\n\n<p>Adem\u00e1s mencion\u00f3 que el video que circula en redes donde se ve a una persona arrojarse desde el primer piso de un plantel, es de a\u00f1os anteriores y no corresponde a la escuela referida.<br><\/p>\n\n\n\n<p>\u201cPrimero, desde que ocurrieron los hechos, el 4 de febrero, tuvo atenci\u00f3n m\u00e9dica por parte del IMSS-Bienestar. Toda la atenci\u00f3n la ha tenido, una intervenci\u00f3n quir\u00fargica, apoyo psicol\u00f3gico. Tambi\u00e9n sigue en el hospital y sigue con todas las atenciones.<br><\/p>\n\n\n\n<p>Reiteramos que el video que circula en redes, no es el del caso de la ni\u00f1a F\u00e1tima, desmintiendo que esto haya ocurrido en esa secundaria que se puede ver. Adem\u00e1s el propio director de la secundaria ha corroborado que esa no es la secundaria.<br><\/p>\n\n\n\n<p>\u201cNo hay elementos ahora para definir exactamente c\u00f3mo sucedieron los hechos, pero hasta el momento no hay informaci\u00f3n de que la hayan empujado\u201d, expuso Delgado tras la rueda de prensa matutina, en Palacio Nacional.<\/p>\n","protected":false},"excerpt":{"rendered":"<p>El secretario afirm\u00f3 que la joven y su familia han sido atendidos por la SEP desde el inicio de la crisis. Una nueva pol\u00e9mica se suma al caso de F\u00e1tima, la alumna de la secundaria 236, en Iztapalapa, que fue, presuntamente agredida por sus compa\u00f1eros y cuya investigaci\u00f3n se esta llevando a cabo. \u201cSe sigue [&hellip;]<\/p>\n","protected":false},"author":1,"featured_media":75986,"comment_status":"closed","ping_status":"closed","sticky":false,"template":"","format":"standard","meta":{"footnotes":""},"categories":[34],"tags":[],"class_list":["post-75985","post","type-post","status-publish","format-standard","has-post-thumbnail","hentry","category-nacional"],"_links":{"self":[{"href":"https:\/\/elinformante.mx\/index.php?rest_route=\/wp\/v2\/posts\/75985","targetHints":{"allow":["GET"]}}],"collection":[{"href":"https:\/\/elinformante.mx\/index.php?rest_route=\/wp\/v2\/posts"}],"about":[{"href":"https:\/\/elinformante.mx\/index.php?rest_route=\/wp\/v2\/types\/post"}],"author":[{"embeddable":true,"href":"https:\/\/elinformante.mx\/index.php?rest_route=\/wp\/v2\/users\/1"}],"replies":[{"embeddable":true,"href":"https:\/\/elinformante.mx\/index.php?rest_route=%2Fwp%2Fv2%2Fcomments&post=75985"}],"version-history":[{"count":0,"href":"https:\/\/elinformante.mx\/index.php?rest_route=\/wp\/v2\/posts\/75985\/revisions"}],"wp:featuredmedia":[{"embeddable":true,"href":"https:\/\/elinformante.mx\/index.php?rest_route=\/wp\/v2\/media\/75986"}],"wp:attachment":[{"href":"https:\/\/elinformante.mx\/index.php?rest_route=%2Fwp%2Fv2%2Fmedia&parent=75985"}],"wp:term":[{"taxonomy":"category","embeddable":true,"href":"https:\/\/elinformante.mx\/index.php?rest_route=%2Fwp%2Fv2%2Fcategories&post=75985"},{"taxonomy":"post_tag","embeddable":true,"href":"https:\/\/elinformante.mx\/index.php?rest_route=%2Fwp%2Fv2%2Ftags&post=75985"}],"curies":[{"name":"wp","href":"https:\/\/api.w.org\/{rel}","templated":true}]}}