{"id":75988,"date":"2025-02-18T07:35:39","date_gmt":"2025-02-18T13:35:39","guid":{"rendered":"https:\/\/elinformante.mx\/?p=75988"},"modified":"2025-02-18T07:35:43","modified_gmt":"2025-02-18T13:35:43","slug":"no-tiene-ningun-derecho-google-de-renombrar-la-plataforma-continental-de-mexico-sheinbaum","status":"publish","type":"post","link":"https:\/\/elinformante.mx\/?p=75988","title":{"rendered":"\u201cNo tiene ning\u00fan derecho Google de renombrar la plataforma continental de M\u00e9xico\u201d: Sheinbaum"},"content":{"rendered":"\n<figure class=\"wp-block-pullquote\"><blockquote><p>La presidenta pidi\u00f3 que se lleve a cabo la correcci\u00f3n del nombre que afecta a la plataforma continental de M\u00e9xico y Cuba.<\/p><\/blockquote><\/figure>\n\n\n\n<p class=\"has-drop-cap\">La presidenta Claudia Sheinbaum, afirm\u00f3 que Google no tiene derecho a renombrar la plataforma continental de M\u00e9xico, respecto al cambio de nombre del Golfo de M\u00e9xico en la plataforma de Google Maps.<br><\/p>\n\n\n\n<p>Sheinbaum detall\u00f3 el desacuerdo de M\u00e9xico con el renombramiento del golfo en la plataforma, un asunto relacionado con el decreto emitido por el presidente de Estados Unidos, Donald Trump, el pasado 20 de enero.<br><\/p>\n\n\n\n<p>\u201cNo est\u00e1 diciendo que esto sea a trav\u00e9s de este decreto, que es lo que cambia el nombre de Golfo de M\u00e9xico a Golfo de Am\u00e9rica. Eso dice Google, y por eso en Estados Unidos el nombre del Golfo de M\u00e9xico se ve como Golfo de Am\u00e9rica. Si uno lo ve desde all\u00e1, dice Golfo de Am\u00e9rica, pero si lo ve desde M\u00e9xico, dice Golfo de M\u00e9xico, y si lo ve desde otras partes, dice tanto Golfo de Am\u00e9rica como Golfo de M\u00e9xico. Tiene los dos nombres. Pero esto est\u00e1 mal\u201c, subray\u00f3 Sheinbaum.<br><\/p>\n\n\n\n<p>La presidenta explic\u00f3 que el decreto del presidente Trump modifica el nombre solo de la plataforma continental de Estados Unidos, no de todo el Golfo de M\u00e9xico.<br><\/p>\n\n\n\n<p>\u201cEl decreto del presidente Trump le cambia el nombre a Golfo de Am\u00e9rica solo en su plataforma continental, estamos hablando de 22 millas n\u00e1uticas desde la costa, no a todo el golfo. Aqu\u00ed Google lo que est\u00e1 haciendo es cambi\u00e1ndole el nombre a la plataforma continental de M\u00e9xico y de Cuba, y eso no tiene nada que ver con el decreto que hizo el presidente Trump para su propia plataforma continental, se\u00f1al\u00f3 Sheinbaum.<br><\/p>\n\n\n\n<p>En cuanto a las acciones legales, la presidenta agreg\u00f3 que el gobierno mexicano no est\u00e1 de acuerdo con lo que Google ha implementado.<br><\/p>\n\n\n\n<p>\u201cNo estamos de acuerdo en esto. El doctor Juan Ram\u00f3n de la Fuente, secretario de Relaciones Exteriores, envi\u00f3 una nueva carta, en respuesta a la carta de Google fechada el 10 de febrero de 2025. En la misiva, se reitera que la Orden Ejecutiva 14172, firmada por el presidente de Estados Unidos, se refiere exclusivamente a una porci\u00f3n delimitada del Golfo de M\u00e9xico\u201d, afirm\u00f3 Sheinbaum.<br><\/p>\n\n\n\n<p>Record\u00f3 que las zonas mar\u00edtimas bajo soberan\u00eda plena de los estados se extienden hasta un m\u00e1ximo de 12 millas n\u00e1uticas desde la costa, y cualquier intento de cambio de nombre fuera de esta \u00e1rea excede las facultades de cualquier autoridad o entidad privada.<br><\/p>\n\n\n\n<p>\u201cVamos a esperar la respuesta de Google y si no, pues procederemos ya en tribunales\u201d.<br><\/p>\n\n\n\n<p>Sheinbaum reiter\u00f3 que el pa\u00eds no acepta el renombramiento de ninguna zona geogr\u00e1fica que est\u00e9 bajo su jurisdicci\u00f3n o que incluya parte de su territorio.<br><\/p>\n\n\n\n<p>La presidenta Claudia Sheinbaum ley\u00f3 durante su conferencia matutina una carta enviada por Google al gobierno mexicano, en respuesta a una misiva fechada el 29 de enero de 2025, dirigida al CEO de la empresa, Sundar Pichai.<br><\/p>\n\n\n\n<p>En la carta, Google aborda la preocupaci\u00f3n del gobierno mexicano sobre el nombre del Golfo de M\u00e9xico en los mapas de la plataforma.<br><\/p>\n\n\n\n<p>Google expres\u00f3 su reconocimiento por la preocupaci\u00f3n planteada y explic\u00f3 su postura. La compa\u00f1\u00eda detall\u00f3 que, como una plataforma global que sirve a m\u00e1s de dos mil millones de usuarios en todo el mundo, mantiene pol\u00edticas imparciales y consistentes sobre los nombres de los lugares en sus mapas.<\/p>\n","protected":false},"excerpt":{"rendered":"<p>La presidenta pidi\u00f3 que se lleve a cabo la correcci\u00f3n del nombre que afecta a la plataforma continental de M\u00e9xico y Cuba. La presidenta Claudia Sheinbaum, afirm\u00f3 que Google no tiene derecho a renombrar la plataforma continental de M\u00e9xico, respecto al cambio de nombre del Golfo de M\u00e9xico en la plataforma de Google Maps. Sheinbaum [&hellip;]<\/p>\n","protected":false},"author":1,"featured_media":75989,"comment_status":"closed","ping_status":"closed","sticky":false,"template":"","format":"standard","meta":{"footnotes":""},"categories":[30,34],"tags":[],"class_list":["post-75988","post","type-post","status-publish","format-standard","has-post-thumbnail","hentry","category-destacado","category-nacional"],"_links":{"self":[{"href":"https:\/\/elinformante.mx\/index.php?rest_route=\/wp\/v2\/posts\/75988","targetHints":{"allow":["GET"]}}],"collection":[{"href":"https:\/\/elinformante.mx\/index.php?rest_route=\/wp\/v2\/posts"}],"about":[{"href":"https:\/\/elinformante.mx\/index.php?rest_route=\/wp\/v2\/types\/post"}],"author":[{"embeddable":true,"href":"https:\/\/elinformante.mx\/index.php?rest_route=\/wp\/v2\/users\/1"}],"replies":[{"embeddable":true,"href":"https:\/\/elinformante.mx\/index.php?rest_route=%2Fwp%2Fv2%2Fcomments&post=75988"}],"version-history":[{"count":0,"href":"https:\/\/elinformante.mx\/index.php?rest_route=\/wp\/v2\/posts\/75988\/revisions"}],"wp:featuredmedia":[{"embeddable":true,"href":"https:\/\/elinformante.mx\/index.php?rest_route=\/wp\/v2\/media\/75989"}],"wp:attachment":[{"href":"https:\/\/elinformante.mx\/index.php?rest_route=%2Fwp%2Fv2%2Fmedia&parent=75988"}],"wp:term":[{"taxonomy":"category","embeddable":true,"href":"https:\/\/elinformante.mx\/index.php?rest_route=%2Fwp%2Fv2%2Fcategories&post=75988"},{"taxonomy":"post_tag","embeddable":true,"href":"https:\/\/elinformante.mx\/index.php?rest_route=%2Fwp%2Fv2%2Ftags&post=75988"}],"curies":[{"name":"wp","href":"https:\/\/api.w.org\/{rel}","templated":true}]}}