{"id":76431,"date":"2025-02-24T05:23:20","date_gmt":"2025-02-24T11:23:20","guid":{"rendered":"https:\/\/elinformante.mx\/?p=76431"},"modified":"2025-02-24T05:23:22","modified_gmt":"2025-02-24T11:23:22","slug":"fallece-el-exboxeador-greg-haugen-a-los-64-anos","status":"publish","type":"post","link":"https:\/\/elinformante.mx\/?p=76431","title":{"rendered":"Fallece el exboxeador Greg Haugen a los 64 a\u00f1os"},"content":{"rendered":"\n<figure class=\"wp-block-pullquote\"><blockquote><p>Haugen destac\u00f3 en el boxeo, por su gran pegada y sus movimientos<\/p><\/blockquote><\/figure>\n\n\n\n<p class=\"has-drop-cap\">Una terrible noticia sacudi\u00f3 al mundo del boxeo, despu\u00e9s de la confirmaci\u00f3n del fallecimiento del exboxeador Greg Haugen, quien a los 64 a\u00f1os dej\u00f3 un legado imborrable en el deporte de los pu\u00f1os.<br><\/p>\n\n\n\n<p>Haugen destac\u00f3 en el boxeo, por su gran pegada y sus movimientos, adem\u00e1s de meterse en problemas muchas veces, por siempre decir lo que pensaba, algo que muchas veces le dio la ventaja antes de subir al ring.<br><\/p>\n\n\n\n<p>La noticia del fallecimiento de Greg Haugen la dio a conocer Kevin Iole a trav\u00e9s de su cuenta de X, \u201cuna noticia muy triste: el ex campe\u00f3n mundial de boxeo Greg Haugen falleci\u00f3 hoy despu\u00e9s de una batalla contra el c\u00e1ncer. El hombre literalmente luch\u00f3 contra todos y era tan duro como cualquiera. Descanse en paz, campe\u00f3n\u201d, se lee.<br><\/p>\n\n\n\n<p>Mauricio Sulaim\u00e1n, presidente del Consejo Mundial de Boxeo, se hizo presente en redes sociales para despedir al que fuera uno de los grandes boxeadores en su \u00e9poca.<br><\/p>\n\n\n\n<p>\u201cLamento mucho enterarme del fallecimiento de Greg Haugen. Pele\u00f3 como un campe\u00f3n contra el c\u00e1ncer y ahora descansa en paz. Pelea legendaria contra Manny, Macho Camacho y el estadio Azteca lleno total contra Julio C\u00e9sar\u201d, se lee.<br><\/p>\n\n\n\n<p>De acuerdo con Mauricio Sulaim\u00e1n, Greg Haugen tuvo una pelea dura con el c\u00e1ncer que aparentemente fue una de las causas que ayudaron a su deterioro de salud. Hasta ahora no se han dado a conocer detalles de su fallecimiento.<br><\/p>\n\n\n\n<p>Greg Haugen es recordado en territorio mexicano por su aclamada pelea con Julio C\u00e9sar Ch\u00e1vez, pelea que curiosamente este 20 de febrero cumpli\u00f3 32 a\u00f1os desde su realizaci\u00f3n. La cita se llev\u00f3 a cabo en 1993 en la cancha del Estadio Azteca logrando imponer una marca ins\u00f3lita en el boxeo en M\u00e9xico con m\u00e1s de 136 mil personas como espectadores.<br><\/p>\n\n\n\n<p>Haugen en su palmar\u00e9s alcanz\u00f3 el campeonato mundial de peso ligero de la FIB en dos ocasio nes de 1986 a 1989, tambi\u00e9n campe\u00f3n en superligero del CMB en 1991. Su r\u00e9cord fue de 40 victorias, 19 por nocaut, 10 derrotas y solo 1 empate.<\/p>\n\n\n\n<p><\/p>\n","protected":false},"excerpt":{"rendered":"<p>Haugen destac\u00f3 en el boxeo, por su gran pegada y sus movimientos Una terrible noticia sacudi\u00f3 al mundo del boxeo, despu\u00e9s de la confirmaci\u00f3n del fallecimiento del exboxeador Greg Haugen, quien a los 64 a\u00f1os dej\u00f3 un legado imborrable en el deporte de los pu\u00f1os. Haugen destac\u00f3 en el boxeo, por su gran pegada y [&hellip;]<\/p>\n","protected":false},"author":1,"featured_media":76432,"comment_status":"closed","ping_status":"closed","sticky":false,"template":"","format":"standard","meta":{"footnotes":""},"categories":[38],"tags":[],"class_list":["post-76431","post","type-post","status-publish","format-standard","has-post-thumbnail","hentry","category-deportes"],"_links":{"self":[{"href":"https:\/\/elinformante.mx\/index.php?rest_route=\/wp\/v2\/posts\/76431","targetHints":{"allow":["GET"]}}],"collection":[{"href":"https:\/\/elinformante.mx\/index.php?rest_route=\/wp\/v2\/posts"}],"about":[{"href":"https:\/\/elinformante.mx\/index.php?rest_route=\/wp\/v2\/types\/post"}],"author":[{"embeddable":true,"href":"https:\/\/elinformante.mx\/index.php?rest_route=\/wp\/v2\/users\/1"}],"replies":[{"embeddable":true,"href":"https:\/\/elinformante.mx\/index.php?rest_route=%2Fwp%2Fv2%2Fcomments&post=76431"}],"version-history":[{"count":0,"href":"https:\/\/elinformante.mx\/index.php?rest_route=\/wp\/v2\/posts\/76431\/revisions"}],"wp:featuredmedia":[{"embeddable":true,"href":"https:\/\/elinformante.mx\/index.php?rest_route=\/wp\/v2\/media\/76432"}],"wp:attachment":[{"href":"https:\/\/elinformante.mx\/index.php?rest_route=%2Fwp%2Fv2%2Fmedia&parent=76431"}],"wp:term":[{"taxonomy":"category","embeddable":true,"href":"https:\/\/elinformante.mx\/index.php?rest_route=%2Fwp%2Fv2%2Fcategories&post=76431"},{"taxonomy":"post_tag","embeddable":true,"href":"https:\/\/elinformante.mx\/index.php?rest_route=%2Fwp%2Fv2%2Ftags&post=76431"}],"curies":[{"name":"wp","href":"https:\/\/api.w.org\/{rel}","templated":true}]}}