{"id":76434,"date":"2025-02-24T05:24:54","date_gmt":"2025-02-24T11:24:54","guid":{"rendered":"https:\/\/elinformante.mx\/?p=76434"},"modified":"2025-02-24T05:24:55","modified_gmt":"2025-02-24T11:24:55","slug":"nombran-a-robin-van-persie-como-el-nuevo-entrenador-del-feyenoord","status":"publish","type":"post","link":"https:\/\/elinformante.mx\/?p=76434","title":{"rendered":"Nombran a Robin van Persie como el nuevo entrenador del Feyenoord"},"content":{"rendered":"\n<figure class=\"wp-block-pullquote\"><blockquote><p>Persie fue se\u00f1alado como el mejor goleador de la historia de la selecci\u00f3n neerlandesa.<\/p><\/blockquote><\/figure>\n\n\n\n<p class=\"has-drop-cap\">Anunciaron que llegar\u00e1 al Feyenoord de R\u00f3terdam ahora como entrenador, su exjugador, Robin van Persie, que dejar\u00e1 de manera inmediata el banquillo de Heerenveen, lugar que ocupaba desde esta temporada.<br><\/p>\n\n\n\n<p>Persie fue se\u00f1alado como el mejor goleador de la historia de la selecci\u00f3n neerlandesa (50 goles, 102 partidos), con 41 a\u00f1os, firm\u00f3 un contrato hasta junio de 2027. Sustituye as\u00ed al dan\u00e9s Brian Priske, despedido a principios de mes tras la crisis de resultados.<br><\/p>\n\n\n\n<figure class=\"wp-block-image size-large\"><img fetchpriority=\"high\" decoding=\"async\" width=\"1024\" height=\"506\" src=\"https:\/\/elinformante.mx\/wp-content\/uploads\/2025\/02\/14nombran-1-1024x506.jpg\" alt=\"\" class=\"wp-image-76436\" srcset=\"https:\/\/elinformante.mx\/wp-content\/uploads\/2025\/02\/14nombran-1-1024x506.jpg 1024w, https:\/\/elinformante.mx\/wp-content\/uploads\/2025\/02\/14nombran-1-300x148.jpg 300w, https:\/\/elinformante.mx\/wp-content\/uploads\/2025\/02\/14nombran-1-768x379.jpg 768w, https:\/\/elinformante.mx\/wp-content\/uploads\/2025\/02\/14nombran-1.jpg 1140w\" sizes=\"(max-width: 1024px) 100vw, 1024px\" \/><\/figure>\n\n\n\n<p>Clasificado a octavos de final de la Champions League, donde se enfrentar\u00e1 a Inter de Mil\u00e1n, Feyenoord est\u00e1 sufriendo en Eredivisie. El club de R\u00f3terdam ocupa la tercera posici\u00f3n del campeonato de Pa\u00edses Bajos, a 11 puntos del l\u00edder Ajax de \u00c1msterdam.<br><\/p>\n\n\n\n<p>Tras haber jugado en Feyenoord, Arsenal, Manchester United y Fenerbah\u00e7e, Van Persie arranc\u00f3 su carrera como entrenador con los equipos juveniles de Feyenoord, y estaba al cargo del equipo Sub 18 hasta el final de la pasada temporada, antes de tomar las riendas de SC Heerenveen, actual 9\u00ba clasificado en el campeonato.<\/p>\n","protected":false},"excerpt":{"rendered":"<p>Persie fue se\u00f1alado como el mejor goleador de la historia de la selecci\u00f3n neerlandesa. Anunciaron que llegar\u00e1 al Feyenoord de R\u00f3terdam ahora como entrenador, su exjugador, Robin van Persie, que dejar\u00e1 de manera inmediata el banquillo de Heerenveen, lugar que ocupaba desde esta temporada. Persie fue se\u00f1alado como el mejor goleador de la historia de [&hellip;]<\/p>\n","protected":false},"author":1,"featured_media":76435,"comment_status":"closed","ping_status":"closed","sticky":false,"template":"","format":"standard","meta":{"footnotes":""},"categories":[30,39],"tags":[],"class_list":["post-76434","post","type-post","status-publish","format-standard","has-post-thumbnail","hentry","category-destacado","category-espectaculos"],"_links":{"self":[{"href":"https:\/\/elinformante.mx\/index.php?rest_route=\/wp\/v2\/posts\/76434","targetHints":{"allow":["GET"]}}],"collection":[{"href":"https:\/\/elinformante.mx\/index.php?rest_route=\/wp\/v2\/posts"}],"about":[{"href":"https:\/\/elinformante.mx\/index.php?rest_route=\/wp\/v2\/types\/post"}],"author":[{"embeddable":true,"href":"https:\/\/elinformante.mx\/index.php?rest_route=\/wp\/v2\/users\/1"}],"replies":[{"embeddable":true,"href":"https:\/\/elinformante.mx\/index.php?rest_route=%2Fwp%2Fv2%2Fcomments&post=76434"}],"version-history":[{"count":0,"href":"https:\/\/elinformante.mx\/index.php?rest_route=\/wp\/v2\/posts\/76434\/revisions"}],"wp:featuredmedia":[{"embeddable":true,"href":"https:\/\/elinformante.mx\/index.php?rest_route=\/wp\/v2\/media\/76435"}],"wp:attachment":[{"href":"https:\/\/elinformante.mx\/index.php?rest_route=%2Fwp%2Fv2%2Fmedia&parent=76434"}],"wp:term":[{"taxonomy":"category","embeddable":true,"href":"https:\/\/elinformante.mx\/index.php?rest_route=%2Fwp%2Fv2%2Fcategories&post=76434"},{"taxonomy":"post_tag","embeddable":true,"href":"https:\/\/elinformante.mx\/index.php?rest_route=%2Fwp%2Fv2%2Ftags&post=76434"}],"curies":[{"name":"wp","href":"https:\/\/api.w.org\/{rel}","templated":true}]}}