{"id":76441,"date":"2025-02-24T05:39:40","date_gmt":"2025-02-24T11:39:40","guid":{"rendered":"https:\/\/elinformante.mx\/?p=76441"},"modified":"2025-02-24T05:39:42","modified_gmt":"2025-02-24T11:39:42","slug":"anuncia-la-fiscalia-del-edomex-que-llega-a-tiktok","status":"publish","type":"post","link":"https:\/\/elinformante.mx\/?p=76441","title":{"rendered":"Anuncia la Fiscal\u00eda del Edom\u00e9x que llega a TikTok"},"content":{"rendered":"\n<figure class=\"wp-block-pullquote\"><blockquote><p>Con el lanzamiento de su canal @fiscaliaedomex, la Instituci\u00f3n fortalece su comunicaci\u00f3n con innovaci\u00f3n para que la ciudadan\u00eda conozca sus servicios y acciones en favor de la procuraci\u00f3n de justicia.<\/p><\/blockquote><\/figure>\n\n\n\n<p class=\"has-drop-cap\">Con el fin de abrir nuevos espacios de comunicaci\u00f3n e interacci\u00f3n con la sociedad, adem\u00e1s de buscar que todos sus sectores conozcan los servicios que ofrece y las acciones que lleva a cabo en favor de la procuraci\u00f3n de justicia y para combatir al crimen, la Fiscal\u00eda General de Justicia del Estado de M\u00e9xico anunci\u00f3 la apertura de su canal @Fiscal\u00edaEdomex en la red social Tik Tok.<br><\/p>\n\n\n\n<p>Este perfil se suma a los canales de comunicaci\u00f3n existentes en diferentes redes sociales como \u201cX\u201d (antes Twitter), Facebook e Instagram, que tienen el fin de utilizar las herramientas digitales para fortalecer la comunicaci\u00f3n con la ciudadan\u00eda.<br><\/p>\n\n\n\n<figure class=\"wp-block-image size-large\"><img fetchpriority=\"high\" decoding=\"async\" width=\"1024\" height=\"506\" src=\"https:\/\/elinformante.mx\/wp-content\/uploads\/2025\/02\/13anuncia-2-1024x506.jpg\" alt=\"\" class=\"wp-image-76443\" srcset=\"https:\/\/elinformante.mx\/wp-content\/uploads\/2025\/02\/13anuncia-2-1024x506.jpg 1024w, https:\/\/elinformante.mx\/wp-content\/uploads\/2025\/02\/13anuncia-2-300x148.jpg 300w, https:\/\/elinformante.mx\/wp-content\/uploads\/2025\/02\/13anuncia-2-768x379.jpg 768w, https:\/\/elinformante.mx\/wp-content\/uploads\/2025\/02\/13anuncia-2.jpg 1140w\" sizes=\"(max-width: 1024px) 100vw, 1024px\" \/><\/figure>\n\n\n\n<p>Dirigido a un creciente n\u00famero de usuarios en toda la entidad, el nuevo canal de Tik Tok de la Fiscal\u00eda del Estado de M\u00e9xico busca convertirse en una herramienta clave para acercar contenido de inter\u00e9s a un mayor n\u00famero de personas e instituciones y en los que podr\u00e1n conocer y asesorarse para la realizaci\u00f3n de denuncias, tramitar antecedentes no penales, reportar el robo de un veh\u00edculo, tramitar una constancia de robo de objetos o documentos, as\u00ed como denunciar la desaparici\u00f3n de alg\u00fan familiar, entre otros.<br><\/p>\n\n\n\n<p>La aplicaci\u00f3n de Tik Tok es la segunda m\u00e1s descargada en M\u00e9xico y la quinta con el mayor n\u00famero de usuarios, por lo que difundir contenidos a trav\u00e9s de esta red cumple con uno de los principios de la comunicaci\u00f3n social que es la de facilitar el acceso a la informaci\u00f3n institucional a todos los sectores de la poblaci\u00f3n.<br><\/p>\n\n\n\n<p>El canal de Tik Tok de la Fiscal\u00eda General de Justicia se encuentra al servicio de las y los mexiquenses al igual que el correo electr\u00f3nico cerotolerancia@fiscaliaedomex.gob.mx, el n\u00famero telef\u00f3nico 800 7028770, o bien, la aplicaci\u00f3n FGJEdomex, la cual est\u00e1 disponible de manera gratuita para los tel\u00e9fonos inteligentes de los sistemas iOS y Android, para que denuncie cualquier hecho delictivo.<\/p>\n","protected":false},"excerpt":{"rendered":"<p>Con el lanzamiento de su canal @fiscaliaedomex, la Instituci\u00f3n fortalece su comunicaci\u00f3n con innovaci\u00f3n para que la ciudadan\u00eda conozca sus servicios y acciones en favor de la procuraci\u00f3n de justicia. Con el fin de abrir nuevos espacios de comunicaci\u00f3n e interacci\u00f3n con la sociedad, adem\u00e1s de buscar que todos sus sectores conozcan los servicios que [&hellip;]<\/p>\n","protected":false},"author":1,"featured_media":76442,"comment_status":"closed","ping_status":"closed","sticky":false,"template":"","format":"standard","meta":{"footnotes":""},"categories":[30,36,37],"tags":[],"class_list":["post-76441","post","type-post","status-publish","format-standard","has-post-thumbnail","hentry","category-destacado","category-edomex","category-justicia"],"_links":{"self":[{"href":"https:\/\/elinformante.mx\/index.php?rest_route=\/wp\/v2\/posts\/76441","targetHints":{"allow":["GET"]}}],"collection":[{"href":"https:\/\/elinformante.mx\/index.php?rest_route=\/wp\/v2\/posts"}],"about":[{"href":"https:\/\/elinformante.mx\/index.php?rest_route=\/wp\/v2\/types\/post"}],"author":[{"embeddable":true,"href":"https:\/\/elinformante.mx\/index.php?rest_route=\/wp\/v2\/users\/1"}],"replies":[{"embeddable":true,"href":"https:\/\/elinformante.mx\/index.php?rest_route=%2Fwp%2Fv2%2Fcomments&post=76441"}],"version-history":[{"count":0,"href":"https:\/\/elinformante.mx\/index.php?rest_route=\/wp\/v2\/posts\/76441\/revisions"}],"wp:featuredmedia":[{"embeddable":true,"href":"https:\/\/elinformante.mx\/index.php?rest_route=\/wp\/v2\/media\/76442"}],"wp:attachment":[{"href":"https:\/\/elinformante.mx\/index.php?rest_route=%2Fwp%2Fv2%2Fmedia&parent=76441"}],"wp:term":[{"taxonomy":"category","embeddable":true,"href":"https:\/\/elinformante.mx\/index.php?rest_route=%2Fwp%2Fv2%2Fcategories&post=76441"},{"taxonomy":"post_tag","embeddable":true,"href":"https:\/\/elinformante.mx\/index.php?rest_route=%2Fwp%2Fv2%2Ftags&post=76441"}],"curies":[{"name":"wp","href":"https:\/\/api.w.org\/{rel}","templated":true}]}}