{"id":76452,"date":"2025-02-24T05:47:21","date_gmt":"2025-02-24T11:47:21","guid":{"rendered":"https:\/\/elinformante.mx\/?p=76452"},"modified":"2025-02-24T05:47:23","modified_gmt":"2025-02-24T11:47:23","slug":"son-beneficiados-16-mil-mexiquenses-a-traves-del-programa-ninez-indigena-con-bienestar","status":"publish","type":"post","link":"https:\/\/elinformante.mx\/?p=76452","title":{"rendered":"Son beneficiados 16 mil mexiquenses a trav\u00e9s del Programa \u201cNi\u00f1ez Ind\u00edgena con Bienestar\u201d"},"content":{"rendered":"\n<figure class=\"wp-block-pullquote\"><blockquote><p>Entrega de forma gratuita canastas alimentarias con productos nutritivos, principalmente a personas residentes de zonas con alta y muy alta marginaci\u00f3n.<\/p><\/blockquote><\/figure>\n\n\n\n<p class=\"has-drop-cap\">La Gobernadora Delfina G\u00f3mez \u00c1lvarez impulsa acciones enfocadas en atender a los grupos vulnerables como el programa \u201cNi\u00f1ez Ind\u00edgena con Bienestar\u201d, que favorece el acceso a alimentos para ni\u00f1as y ni\u00f1os ind\u00edgenas; con este programa, a cargo del Consejo Estatal para el Desarrollo Integral de los Pueblos Ind\u00edgenas del Estado de M\u00e9xico (CEDIPIEM), durante la actual administraci\u00f3n se han beneficiado 16 mil personas de entre tres y 15 a\u00f1os.<br><\/p>\n\n\n\n<p>El programa prioriza a personas residentes de zonas con alta y muy alta marginaci\u00f3n; que padezcan enfermedades cr\u00f3nico-degenerativas; presenten alguna discapacidad permanente; sean v\u00edctimas u ofendidas de un delito y\/o repatriadas.<br><\/p>\n\n\n\n<p>De esta manera, se construyen historias de \u00e9xito y se garantiza la nutrici\u00f3n adecuada de las infancias, lo cual representa, a su vez, un ahorro en los hogares, ya que la Secretar\u00eda de Bienestar entrega de forma gratuita canastas alimentarias con productos nutritivos, a trav\u00e9s del CEDIPIEM, para favorecer al desarrollo y calidad de vida de este sector.<br><\/p>\n\n\n\n<p>Con estas acciones, el Gobierno del Estado de M\u00e9xico combate la pobreza y vulnerabilidad de los grupos m\u00e1s desprotegidos que residen en municipios con presencia nahua, otom\u00ed, tlahuica, matlatzinca y mazahua.<\/p>\n","protected":false},"excerpt":{"rendered":"<p>Entrega de forma gratuita canastas alimentarias con productos nutritivos, principalmente a personas residentes de zonas con alta y muy alta marginaci\u00f3n. La Gobernadora Delfina G\u00f3mez \u00c1lvarez impulsa acciones enfocadas en atender a los grupos vulnerables como el programa \u201cNi\u00f1ez Ind\u00edgena con Bienestar\u201d, que favorece el acceso a alimentos para ni\u00f1as y ni\u00f1os ind\u00edgenas; con este [&hellip;]<\/p>\n","protected":false},"author":1,"featured_media":76453,"comment_status":"closed","ping_status":"closed","sticky":false,"template":"","format":"standard","meta":{"footnotes":""},"categories":[36],"tags":[],"class_list":["post-76452","post","type-post","status-publish","format-standard","has-post-thumbnail","hentry","category-edomex"],"_links":{"self":[{"href":"https:\/\/elinformante.mx\/index.php?rest_route=\/wp\/v2\/posts\/76452","targetHints":{"allow":["GET"]}}],"collection":[{"href":"https:\/\/elinformante.mx\/index.php?rest_route=\/wp\/v2\/posts"}],"about":[{"href":"https:\/\/elinformante.mx\/index.php?rest_route=\/wp\/v2\/types\/post"}],"author":[{"embeddable":true,"href":"https:\/\/elinformante.mx\/index.php?rest_route=\/wp\/v2\/users\/1"}],"replies":[{"embeddable":true,"href":"https:\/\/elinformante.mx\/index.php?rest_route=%2Fwp%2Fv2%2Fcomments&post=76452"}],"version-history":[{"count":0,"href":"https:\/\/elinformante.mx\/index.php?rest_route=\/wp\/v2\/posts\/76452\/revisions"}],"wp:featuredmedia":[{"embeddable":true,"href":"https:\/\/elinformante.mx\/index.php?rest_route=\/wp\/v2\/media\/76453"}],"wp:attachment":[{"href":"https:\/\/elinformante.mx\/index.php?rest_route=%2Fwp%2Fv2%2Fmedia&parent=76452"}],"wp:term":[{"taxonomy":"category","embeddable":true,"href":"https:\/\/elinformante.mx\/index.php?rest_route=%2Fwp%2Fv2%2Fcategories&post=76452"},{"taxonomy":"post_tag","embeddable":true,"href":"https:\/\/elinformante.mx\/index.php?rest_route=%2Fwp%2Fv2%2Ftags&post=76452"}],"curies":[{"name":"wp","href":"https:\/\/api.w.org\/{rel}","templated":true}]}}