{"id":76455,"date":"2025-02-24T05:49:15","date_gmt":"2025-02-24T11:49:15","guid":{"rendered":"https:\/\/elinformante.mx\/?p=76455"},"modified":"2025-02-24T05:49:17","modified_gmt":"2025-02-24T11:49:17","slug":"llegara-calzado-de-san-mateo-atenco-a-shein-muniz-neyra","status":"publish","type":"post","link":"https:\/\/elinformante.mx\/?p=76455","title":{"rendered":"Llegar\u00e1 calzado de San Mateo Atenco a SHEIN: Mu\u00f1iz Neyra"},"content":{"rendered":"\n<figure class=\"wp-block-pullquote\"><blockquote><p>La alcaldesa fue la encargada de mencionar que el municipio est\u00e1 a punto de dar un salto hist\u00f3rico al mundo digital.<\/p><\/blockquote><\/figure>\n\n\n\n<p class=\"has-drop-cap\">El municipio de San Mateo Atenco se encuentra cerca de dar el salto hist\u00f3rico al mundo digital. Mediante varias gestiones hechas, los zapatos artesanales de este municipio estar\u00e1n disponibles en SHEIN, una de las plataformas de comercio electr\u00f3nico m\u00e1s grandes del mundo.<br><\/p>\n\n\n\n<p>Uno de los grandes alicientes para llevar a cabo esta iniciativa es permitir que los productores locales puedan vender sus creaciones sin comisiones ni costos de env\u00edo, marcando un hito en la industria del calzado mexicano.<br><\/p>\n\n\n\n<p>La encargada de anunciar esta gran noticia, fue la Presidenta Municipal de San Mateo Atenco, Ana Mu\u00f1iz Neyra, generando un gran entusiasmo entre los habitantes y artesanos del municipio.<br><\/p>\n\n\n\n<p>Para los fabricantes de calzado, esta alianza representa una oportunidad sin precedentes para expandir sus negocios y llegar a miles de compradores en todo el mundo.<br><\/p>\n\n\n\n<figure class=\"wp-block-image size-large\"><img fetchpriority=\"high\" decoding=\"async\" width=\"1024\" height=\"506\" src=\"https:\/\/elinformante.mx\/wp-content\/uploads\/2025\/02\/11san-1-1024x506.jpg\" alt=\"\" class=\"wp-image-76457\" srcset=\"https:\/\/elinformante.mx\/wp-content\/uploads\/2025\/02\/11san-1-1024x506.jpg 1024w, https:\/\/elinformante.mx\/wp-content\/uploads\/2025\/02\/11san-1-300x148.jpg 300w, https:\/\/elinformante.mx\/wp-content\/uploads\/2025\/02\/11san-1-768x379.jpg 768w, https:\/\/elinformante.mx\/wp-content\/uploads\/2025\/02\/11san-1.jpg 1140w\" sizes=\"(max-width: 1024px) 100vw, 1024px\" \/><\/figure>\n\n\n\n<p>Ahora si desean comprar zapatos de calidad, originales y hechos a mano podr\u00e1n adquirirlos con un solo clic, desde cualquier parte de M\u00e9xico y el mund<br><\/p>\n\n\n\n<p>Adem\u00e1s anunci\u00f3 el ayuntamiento que se llevaran a cabo cursos de capacitaci\u00f3n a los productores locales para que puedan aprovechar al m\u00e1ximo la plataforma, afirm\u00f3 el Director de MarketPlace, Jos\u00e9 Miguel Dom\u00ednguez.<br><\/p>\n\n\n\n<p>Con este taller se les mostrar\u00e1 la manera m\u00e1s efectiva para vender en l\u00ednea, iniciando con la creaci\u00f3n de listados hasta la gesti\u00f3n de pedidos.<br><\/p>\n\n\n\n<p>A\u00fan esta pendiente la fecha exacta en la que los productos estar\u00e1n disponibles en SHEIN, pero en San Mateo Atenco se busca no solo fortalece su econom\u00eda local, sino que tambi\u00e9n posiciona su calzado artesanal en el mercado global.<\/p>\n","protected":false},"excerpt":{"rendered":"<p>La alcaldesa fue la encargada de mencionar que el municipio est\u00e1 a punto de dar un salto hist\u00f3rico al mundo digital. El municipio de San Mateo Atenco se encuentra cerca de dar el salto hist\u00f3rico al mundo digital. Mediante varias gestiones hechas, los zapatos artesanales de este municipio estar\u00e1n disponibles en SHEIN, una de las [&hellip;]<\/p>\n","protected":false},"author":1,"featured_media":76456,"comment_status":"closed","ping_status":"closed","sticky":false,"template":"","format":"standard","meta":{"footnotes":""},"categories":[30,36],"tags":[],"class_list":["post-76455","post","type-post","status-publish","format-standard","has-post-thumbnail","hentry","category-destacado","category-edomex"],"_links":{"self":[{"href":"https:\/\/elinformante.mx\/index.php?rest_route=\/wp\/v2\/posts\/76455","targetHints":{"allow":["GET"]}}],"collection":[{"href":"https:\/\/elinformante.mx\/index.php?rest_route=\/wp\/v2\/posts"}],"about":[{"href":"https:\/\/elinformante.mx\/index.php?rest_route=\/wp\/v2\/types\/post"}],"author":[{"embeddable":true,"href":"https:\/\/elinformante.mx\/index.php?rest_route=\/wp\/v2\/users\/1"}],"replies":[{"embeddable":true,"href":"https:\/\/elinformante.mx\/index.php?rest_route=%2Fwp%2Fv2%2Fcomments&post=76455"}],"version-history":[{"count":0,"href":"https:\/\/elinformante.mx\/index.php?rest_route=\/wp\/v2\/posts\/76455\/revisions"}],"wp:featuredmedia":[{"embeddable":true,"href":"https:\/\/elinformante.mx\/index.php?rest_route=\/wp\/v2\/media\/76456"}],"wp:attachment":[{"href":"https:\/\/elinformante.mx\/index.php?rest_route=%2Fwp%2Fv2%2Fmedia&parent=76455"}],"wp:term":[{"taxonomy":"category","embeddable":true,"href":"https:\/\/elinformante.mx\/index.php?rest_route=%2Fwp%2Fv2%2Fcategories&post=76455"},{"taxonomy":"post_tag","embeddable":true,"href":"https:\/\/elinformante.mx\/index.php?rest_route=%2Fwp%2Fv2%2Ftags&post=76455"}],"curies":[{"name":"wp","href":"https:\/\/api.w.org\/{rel}","templated":true}]}}