{"id":76465,"date":"2025-02-24T06:00:51","date_gmt":"2025-02-24T12:00:51","guid":{"rendered":"https:\/\/elinformante.mx\/?p=76465"},"modified":"2025-02-24T06:00:52","modified_gmt":"2025-02-24T12:00:52","slug":"promueve-gem-sistema-de-educacion-dual-ante-el-banco-mundial-y-el-sector-automotriz","status":"publish","type":"post","link":"https:\/\/elinformante.mx\/?p=76465","title":{"rendered":"Promueve GEM Sistema de Educaci\u00f3n Dual ante el Banco Mundial y el sector automotriz"},"content":{"rendered":"\n<figure class=\"wp-block-pullquote\"><blockquote><p>Mediante el Sistema de Educaci\u00f3n Dual el estudiantado mexiquense adquiere experiencia laboral antes de concluir su carrera.<\/p><\/blockquote><\/figure>\n\n\n\n<p class=\"has-drop-cap\">El Gobierno del Estado de M\u00e9xico, encabezado por la Maestra Delfina G\u00f3mez \u00c1lvarez, trabaja de manera conjunta con el Banco Mundial y el sector automotriz del Valle de Toluca para fortalecer el Sistema de Educaci\u00f3n Dual, que permite al estudiantado mexiquense adquirir experiencia laboral antes de concluir su carrera.<br><\/p>\n\n\n\n<p>V\u00edctor S\u00e1nchez Gonz\u00e1lez, Subsecretario de Educaci\u00f3n Superior y Normal, se reuni\u00f3 con integrantes de este sector, donde precis\u00f3 que este modelo educativo impulsa las competencias adquiridas en las instituciones de Educaci\u00f3n Superior, y en la pr\u00e1ctica.<br><\/p>\n\n\n\n<p>Adem\u00e1s, promueve el desarrollo de las habilidades del estudiante dual para que se convierta en un profesional altamente calificado y sea mayor la posibilidad de incorporarse al mercado laboral. Esta acci\u00f3n se da con base en los principios de la Nueva Escuela Mexicana (NEM), que prioriza la atenci\u00f3n de las demandas sociales y productivas en la entidad.<br><\/p>\n\n\n\n<p>El funcionario a\u00f1adi\u00f3 que se tiene como objetivo actualizar los planes y programas acad\u00e9micos, as\u00ed como vincular a los docentes con las empresas y destac\u00f3 la importancia de abrirle espacios a los alumnos de Ingenier\u00eda Industrial e Ingenier\u00eda Mec\u00e1nica, entre otras, para que apliquen lo aprendido en las aulas, se especialicen en alg\u00fan \u00e1rea de la industria y con ello, fortalecer el Sistema de Educaci\u00f3n Dual.<br><\/p>\n\n\n\n<p>Por su parte, Marcela Silveyra de la Garza, representante del Banco Mundial, indic\u00f3 que tienen como misi\u00f3n procurar el desarrollo educativo de pa\u00edses como M\u00e9xico para reducir la pobreza; manifest\u00f3 que la instituci\u00f3n promueve ciclos cortos, es decir, carreras de 2 o 3 a\u00f1os con la modalidad de educaci\u00f3n dual y planes de estudio que respondan a las necesidades del sector productivo.<br><\/p>\n\n\n\n<p>En tanto, representantes de empresas automotrices como General Motors, Nissan, Stellantis M\u00e9xico y el Cl\u00faster Automotriz Metropolitano, refrendaron su inter\u00e9s de sumarse al esfuerzo que realiza el GEM para mejorar el Sistema de Educaci\u00f3n Dual y robustecer la educaci\u00f3n superior, a fin de que los estudiantes puedan incorporarse al campo laboral del sector automotriz.<br><\/p>\n\n\n\n<p>Adem\u00e1s, en la reuni\u00f3n de trabajo se cont\u00f3 con la participaci\u00f3n de Salvador Herrera Toledano, encargado del Despacho de la Direcci\u00f3n General de Industria de la Secretar\u00eda de Desarrollo Econ\u00f3mico e Igor Kheyfets, Economista senior en la pr\u00e1ctica global de educaci\u00f3n del Banco Mundial y coordinador del proyecto de Educaci\u00f3n Dual.<\/p>\n","protected":false},"excerpt":{"rendered":"<p>Mediante el Sistema de Educaci\u00f3n Dual el estudiantado mexiquense adquiere experiencia laboral antes de concluir su carrera. El Gobierno del Estado de M\u00e9xico, encabezado por la Maestra Delfina G\u00f3mez \u00c1lvarez, trabaja de manera conjunta con el Banco Mundial y el sector automotriz del Valle de Toluca para fortalecer el Sistema de Educaci\u00f3n Dual, que permite [&hellip;]<\/p>\n","protected":false},"author":1,"featured_media":76466,"comment_status":"closed","ping_status":"closed","sticky":false,"template":"","format":"standard","meta":{"footnotes":""},"categories":[36],"tags":[],"class_list":["post-76465","post","type-post","status-publish","format-standard","has-post-thumbnail","hentry","category-edomex"],"_links":{"self":[{"href":"https:\/\/elinformante.mx\/index.php?rest_route=\/wp\/v2\/posts\/76465","targetHints":{"allow":["GET"]}}],"collection":[{"href":"https:\/\/elinformante.mx\/index.php?rest_route=\/wp\/v2\/posts"}],"about":[{"href":"https:\/\/elinformante.mx\/index.php?rest_route=\/wp\/v2\/types\/post"}],"author":[{"embeddable":true,"href":"https:\/\/elinformante.mx\/index.php?rest_route=\/wp\/v2\/users\/1"}],"replies":[{"embeddable":true,"href":"https:\/\/elinformante.mx\/index.php?rest_route=%2Fwp%2Fv2%2Fcomments&post=76465"}],"version-history":[{"count":0,"href":"https:\/\/elinformante.mx\/index.php?rest_route=\/wp\/v2\/posts\/76465\/revisions"}],"wp:featuredmedia":[{"embeddable":true,"href":"https:\/\/elinformante.mx\/index.php?rest_route=\/wp\/v2\/media\/76466"}],"wp:attachment":[{"href":"https:\/\/elinformante.mx\/index.php?rest_route=%2Fwp%2Fv2%2Fmedia&parent=76465"}],"wp:term":[{"taxonomy":"category","embeddable":true,"href":"https:\/\/elinformante.mx\/index.php?rest_route=%2Fwp%2Fv2%2Fcategories&post=76465"},{"taxonomy":"post_tag","embeddable":true,"href":"https:\/\/elinformante.mx\/index.php?rest_route=%2Fwp%2Fv2%2Ftags&post=76465"}],"curies":[{"name":"wp","href":"https:\/\/api.w.org\/{rel}","templated":true}]}}