{"id":76468,"date":"2025-02-24T06:03:33","date_gmt":"2025-02-24T12:03:33","guid":{"rendered":"https:\/\/elinformante.mx\/?p=76468"},"modified":"2025-02-24T06:03:34","modified_gmt":"2025-02-24T12:03:34","slug":"semov-promueve-modelo-de-negocio-para-transporte-publico-de-mediana-capacidad-en-el-edomex","status":"publish","type":"post","link":"https:\/\/elinformante.mx\/?p=76468","title":{"rendered":"Semov promueve modelo de negocio para transporte p\u00fablico de mediana capacidad en el Edom\u00e9x"},"content":{"rendered":"\n<figure class=\"wp-block-pullquote\"><blockquote><p>Participan 83 transportistas de los valles de M\u00e9xico y de Toluca en el taller realizado por la Semov en coordinaci\u00f3n con el BID.<\/p><\/blockquote><\/figure>\n\n\n\n<p class=\"has-drop-cap\">Con el prop\u00f3sito de que los corredores de transporte p\u00fablico de mediana capacidad, como autobuses y tipo Urvan, atiendan las necesidades de movilidad de miles de mexiquenses y sean rentables para los concesionarios y permisionarios, la Secretar\u00eda de Movilidad del Estado de M\u00e9xico organiz\u00f3 el taller \u201cCorredores, modelo de negocio para la implementaci\u00f3n exitosa\u201d.<br><\/p>\n\n\n\n<p>Esta actividad se realiz\u00f3 en coordinaci\u00f3n con el Instituto del Transporte del Estado de M\u00e9xico (ITEM) y el Banco Interamericano de Desarrollo (BID) con la participaci\u00f3n de 83 transportistas de los valles de M\u00e9xico y Toluca.<br><\/p>\n\n\n\n<p>Candi Ashanti Dom\u00ednguez Manjarrez, Vocal del ITEM destac\u00f3 que, con estas acciones, el Gobierno de la Maestra Delfina G\u00f3mez \u00c1lvarez, refrenda su voluntad de mejorar la movilidad en beneficio de quien m\u00e1s lo necesita y que esta actividad siga siendo un negocio sostenible para los transportistas comprometidos con el cambio y la transformaci\u00f3n.<br><\/p>\n\n\n\n<p>Destac\u00f3 que se deben establecer acuerdos y negociaciones firmes, basadas en par\u00e1metros cuantitativos y cualitativos, as\u00ed como tomar en cuenta los costos fijos y variables del proceso de renovaci\u00f3n de unidades; el n\u00famero de usuarios que podr\u00edan ser atendidos y beneficiados por las diferentes rutas agrupadas; atender las condiciones del mercado y medici\u00f3n de indicadores de desempe\u00f1o.<br><\/p>\n\n\n\n<p>Durante el taller Jes\u00fas Rodr\u00edguez, Ximena Cantor y Flaminio Rodr\u00edguez, consultores de LAT GLOBAL S.A.S. hablaron de la importancia de establecer un modelo de negocio, de la eficiencia en los corredores, de los sistemas de recaudo y la integraci\u00f3n del sector transporte.<br><\/p>\n\n\n\n<p>Expusieron casos de \u00e9xito y esquemas corporativos que han sido implementados, con el fin de dar a conocer a los transportistas la importancia de generar acuerdos y una organizaci\u00f3n eficaz entre ellos.<br><\/p>\n\n\n\n<p>Presentaron experiencias internacionales y esquemas de negocios alrededor de procesos de reorganizaci\u00f3n de transporte y la aplicaci\u00f3n de las herramientas tecnol\u00f3gicas en Santiago, Chile; Bogot\u00e1, Colombia, S\u00e3o Paulo, Brasil y Rep\u00fablica Dominicana.<br><\/p>\n\n\n\n<p>Los transportistas dialogaron sobre la implementaci\u00f3n de un esquema que permita llevar a cabo el proceso de reorganizaci\u00f3n y el cambio de flotillas en los corredores de mediana capacidad.<br><\/p>\n\n\n\n<p>Plantearon la necesidad de establecer un proceso de reestructuraci\u00f3n, con directrices, lineamientos, certeza jur\u00eddica y transparencia. Sin embargo, reconocieron que la transformaci\u00f3n del transporte en la entidad requiere tambi\u00e9n del trabajo en equipo, modelos de capacitaci\u00f3n y voluntad de cambio.<\/p>\n","protected":false},"excerpt":{"rendered":"<p>Participan 83 transportistas de los valles de M\u00e9xico y de Toluca en el taller realizado por la Semov en coordinaci\u00f3n con el BID. Con el prop\u00f3sito de que los corredores de transporte p\u00fablico de mediana capacidad, como autobuses y tipo Urvan, atiendan las necesidades de movilidad de miles de mexiquenses y sean rentables para los [&hellip;]<\/p>\n","protected":false},"author":1,"featured_media":76469,"comment_status":"closed","ping_status":"closed","sticky":false,"template":"","format":"standard","meta":{"footnotes":""},"categories":[30,36],"tags":[],"class_list":["post-76468","post","type-post","status-publish","format-standard","has-post-thumbnail","hentry","category-destacado","category-edomex"],"_links":{"self":[{"href":"https:\/\/elinformante.mx\/index.php?rest_route=\/wp\/v2\/posts\/76468","targetHints":{"allow":["GET"]}}],"collection":[{"href":"https:\/\/elinformante.mx\/index.php?rest_route=\/wp\/v2\/posts"}],"about":[{"href":"https:\/\/elinformante.mx\/index.php?rest_route=\/wp\/v2\/types\/post"}],"author":[{"embeddable":true,"href":"https:\/\/elinformante.mx\/index.php?rest_route=\/wp\/v2\/users\/1"}],"replies":[{"embeddable":true,"href":"https:\/\/elinformante.mx\/index.php?rest_route=%2Fwp%2Fv2%2Fcomments&post=76468"}],"version-history":[{"count":0,"href":"https:\/\/elinformante.mx\/index.php?rest_route=\/wp\/v2\/posts\/76468\/revisions"}],"wp:featuredmedia":[{"embeddable":true,"href":"https:\/\/elinformante.mx\/index.php?rest_route=\/wp\/v2\/media\/76469"}],"wp:attachment":[{"href":"https:\/\/elinformante.mx\/index.php?rest_route=%2Fwp%2Fv2%2Fmedia&parent=76468"}],"wp:term":[{"taxonomy":"category","embeddable":true,"href":"https:\/\/elinformante.mx\/index.php?rest_route=%2Fwp%2Fv2%2Fcategories&post=76468"},{"taxonomy":"post_tag","embeddable":true,"href":"https:\/\/elinformante.mx\/index.php?rest_route=%2Fwp%2Fv2%2Ftags&post=76468"}],"curies":[{"name":"wp","href":"https:\/\/api.w.org\/{rel}","templated":true}]}}