{"id":76483,"date":"2025-02-24T06:26:16","date_gmt":"2025-02-24T12:26:16","guid":{"rendered":"https:\/\/elinformante.mx\/?p=76483"},"modified":"2025-02-24T06:26:18","modified_gmt":"2025-02-24T12:26:18","slug":"fueron-rescatados-migrantes-que-estaban-secuestrados-en-hotel-de-la-cdmx","status":"publish","type":"post","link":"https:\/\/elinformante.mx\/?p=76483","title":{"rendered":"Fueron rescatados migrantes que estaban secuestrados en hotel de la CDMX"},"content":{"rendered":"\n<figure class=\"wp-block-pullquote\"><blockquote><p>El rescate de 27 migrantes estuvo a cargo de los elementos de la Secretar\u00eda de Seguridad Ciudadana de la Ciudad de M\u00e9xico.<\/p><\/blockquote><\/figure>\n\n\n\n<p class=\"has-drop-cap\">La Secretar\u00eda de Seguridad Ciudadana de la Ciudad de M\u00e9xico rescataron a 27 migrantes que permanec\u00edan presuntamente privados de su libertad desde hace 15 d\u00edas en un hotel del Centro Hist\u00f3rico.<br><\/p>\n\n\n\n<p>As\u00ed lo indic\u00f3 Pablo V\u00e1zquez, titular de la SSC, qui\u00e9n mencion\u00f3 que se trat\u00f3 del rescate de 25 migrantes indios, uno de Nepal y otro de El Salvador.<br><\/p>\n\n\n\n<p>El rescate ocurri\u00f3 el pasado viernes cuando el migrante de origen salvadore\u00f1o se contact\u00f3 por medio de la aplicaci\u00f3n Mi Polic\u00eda instalada en un tel\u00e9fono m\u00f3vil con elementos de la Polic\u00eda Tur\u00edstica, relat\u00f3 V\u00e1zquez.<br><\/p>\n\n\n\n<p>Conforme a los protocolos, se tranquiliz\u00f3 a la presunta v\u00edctima y pudieron ubicaron el hotel en la alcald\u00eda Cuauht\u00e9moc.<br><\/p>\n\n\n\n<p>Al llegar al lugar hicieron contacto con una mujer que refiri\u00f3 ser la due\u00f1a del hotel y, mientras se entrevistaban con ella, los polic\u00edas tur\u00edsticos escucharon voces y ruidos, y algunas personas en otros idiomas que trataban de dirigirse a ellos.<br><\/p>\n\n\n\n<p>Para descartar un probable hecho delictivo, los oficiales ingresaron al lugar donde hallaron a un grupo de personas que presentaban golpes visibles, adem\u00e1s estaban nerviosos y sucios.<br><\/p>\n\n\n\n<p>En ese momento un hombre que dijo ser ciudadano de El Salvador les mencion\u00f3 que llevaban alrededor de 15 d\u00edas en el sitio y la mujer, junto con otros dos sujetos, no les permit\u00edan salir, indic\u00f3 el jefe de la Polic\u00eda en conferencia de prensa.<br><\/p>\n\n\n\n<p>Los polic\u00edas entrevistaron en ingl\u00e9s a otros migrantes quienes les relataron que dos hombres junto con la mujer les quitaron sus identificaciones personales, pasaportes, dinero y objetos de valor, adem\u00e1s de arrebatarles sus tel\u00e9fonos celulares, excepto uno con el cual solicitaron ayuda.<br><\/p>\n\n\n\n<p>Los polic\u00edas detuvieron a la mujer de 53 a\u00f1os y a dos hombres de 29 y 23 a\u00f1os. A uno de los hombres se le asegur\u00f3 una r\u00e9plica de arma de fuego corta.<br><\/p>\n\n\n\n<p>Los oficiales de la Polic\u00eda Tur\u00edstica recuperaron 20 tel\u00e9fonos celulares, varias identificaciones y pasaportes. Las tres personas detenidas fueron enteradas de sus derechos de ley y quedaron a disposici\u00f3n del agente del Ministerio P\u00fablico.<br><\/p>\n\n\n\n<p>Los 27 migrantes que fueron rescatados recibieron atenci\u00f3n m\u00e9dica, alimento, abrigo y estancia en el Centro de Asistencia e Integraci\u00f3n Social ubicado en la Alcald\u00eda Venustiano Carranza donde conocer\u00e1n su situaci\u00f3n de tr\u00e1nsito en el pa\u00eds, inform\u00f3 V\u00e1zquez.<br><\/p>\n\n\n\n<p>Adem\u00e1s las autoridades tambi\u00e9n contactaron a sus respectivas embajadas. Como parte del operativo en el hotel tambi\u00e9n fueron rescatados dos perros. V\u00e1zquez agradeci\u00f3 a las embajadas de la India, Nepal, as\u00ed como a la Secretar\u00eda del Bienestar e Igualdad Social y a la Secretar\u00eda de Gobierno.<br><\/p>\n\n\n\n<p>V\u00e1zquez reconoci\u00f3 el trabajo de los elementos de Polic\u00eda Tur\u00edstica, Brigada de Vigilancia Animal, Escuadr\u00f3n de Rescate y Urgencias M\u00e9dicas y la Direcci\u00f3n Ejecutiva de Salud y Bienestar Social pertenecientes a la Subsecretar\u00eda de Participaci\u00f3n Ciudadana y Prevenci\u00f3n del Delito, as\u00ed como a los elementos de la Subsecretar\u00eda de Inteligencia e Investigaci\u00f3n Policial.<br><\/p>\n\n\n\n<p>Adem\u00e1s de reiterar que se atender\u00e1n en la CDMX todas y cada una de las denuncias denuncias ciudadanas y a trav\u00e9s de sus \u00e1reas especializada, para brindarles apoyo, orientaci\u00f3n, auxilio o que bien hayan sido v\u00edctimas del delito.<\/p>\n","protected":false},"excerpt":{"rendered":"<p>El rescate de 27 migrantes estuvo a cargo de los elementos de la Secretar\u00eda de Seguridad Ciudadana de la Ciudad de M\u00e9xico. La Secretar\u00eda de Seguridad Ciudadana de la Ciudad de M\u00e9xico rescataron a 27 migrantes que permanec\u00edan presuntamente privados de su libertad desde hace 15 d\u00edas en un hotel del Centro Hist\u00f3rico. As\u00ed lo [&hellip;]<\/p>\n","protected":false},"author":1,"featured_media":76484,"comment_status":"closed","ping_status":"closed","sticky":false,"template":"","format":"standard","meta":{"footnotes":""},"categories":[35,30],"tags":[],"class_list":["post-76483","post","type-post","status-publish","format-standard","has-post-thumbnail","hentry","category-cdmx","category-destacado"],"_links":{"self":[{"href":"https:\/\/elinformante.mx\/index.php?rest_route=\/wp\/v2\/posts\/76483","targetHints":{"allow":["GET"]}}],"collection":[{"href":"https:\/\/elinformante.mx\/index.php?rest_route=\/wp\/v2\/posts"}],"about":[{"href":"https:\/\/elinformante.mx\/index.php?rest_route=\/wp\/v2\/types\/post"}],"author":[{"embeddable":true,"href":"https:\/\/elinformante.mx\/index.php?rest_route=\/wp\/v2\/users\/1"}],"replies":[{"embeddable":true,"href":"https:\/\/elinformante.mx\/index.php?rest_route=%2Fwp%2Fv2%2Fcomments&post=76483"}],"version-history":[{"count":0,"href":"https:\/\/elinformante.mx\/index.php?rest_route=\/wp\/v2\/posts\/76483\/revisions"}],"wp:featuredmedia":[{"embeddable":true,"href":"https:\/\/elinformante.mx\/index.php?rest_route=\/wp\/v2\/media\/76484"}],"wp:attachment":[{"href":"https:\/\/elinformante.mx\/index.php?rest_route=%2Fwp%2Fv2%2Fmedia&parent=76483"}],"wp:term":[{"taxonomy":"category","embeddable":true,"href":"https:\/\/elinformante.mx\/index.php?rest_route=%2Fwp%2Fv2%2Fcategories&post=76483"},{"taxonomy":"post_tag","embeddable":true,"href":"https:\/\/elinformante.mx\/index.php?rest_route=%2Fwp%2Fv2%2Ftags&post=76483"}],"curies":[{"name":"wp","href":"https:\/\/api.w.org\/{rel}","templated":true}]}}