{"id":76489,"date":"2025-02-24T06:32:57","date_gmt":"2025-02-24T12:32:57","guid":{"rendered":"https:\/\/elinformante.mx\/?p=76489"},"modified":"2025-02-24T06:32:59","modified_gmt":"2025-02-24T12:32:59","slug":"encabeza-clara-brugada-entrenamiento-preparatorio-para-la-clase-nacional-boxeando-por-la-paz-2025","status":"publish","type":"post","link":"https:\/\/elinformante.mx\/?p=76489","title":{"rendered":"Encabeza Clara Brugada entrenamiento preparatorio para la Clase Nacional \u201cBoxeando por la Paz\u201d 2025"},"content":{"rendered":"\n<figure class=\"wp-block-pullquote\"><blockquote><p>Ante mil 200 asistentes, la mandataria destac\u00f3 la importancia de la capital del pa\u00eds como semillero de campeones en dicho deporte<\/p><\/blockquote><\/figure>\n\n\n\n<p class=\"has-drop-cap\">La jefa de Gobierno, Clara Brugada Molina, encabez\u00f3 el evento de preparaci\u00f3n para la Clase Nacional de Boxeo 2025 \u201cBoxeando por la Paz\u201d, en la alcald\u00eda \u00c1lvaro Obreg\u00f3n, donde ante mil 200 participantes, afirm\u00f3 que este deporte comenz\u00f3 ya a ser promovida en las 16 demarcaciones con el fin de abarrotar el Z\u00f3calo capitalino, mismo que contar\u00e1 con la presencia de la presidenta de M\u00e9xico, Claudia Sheinbaum Pardo.<br><\/p>\n\n\n\n<p>Rodeada de mujeres y hombres deportistas, la mandataria capitalina record\u00f3 la importancia de esta disciplina deportiva en la capital del pa\u00eds, misma que ha sido cuna de m\u00faltiples campeones.<br><\/p>\n\n\n\n<p>\u201cEl boxeo es de los grandes deportes mexicanos. Aqu\u00ed nos ha tocado ser la cuna de los mejores boxeadores de M\u00e9xico y del mundo: la Ciudad de M\u00e9xico. Las leyendas del deporte se han forjado en la Ciudad de M\u00e9xico, en los gimnasios, en los rings de nuestra ciudad y en las arenas\u201d, coment\u00f3.<br><\/p>\n\n\n\n<figure class=\"wp-block-image size-large\"><img fetchpriority=\"high\" decoding=\"async\" width=\"1024\" height=\"506\" src=\"https:\/\/elinformante.mx\/wp-content\/uploads\/2025\/02\/5clara-2-5-1024x506.jpeg\" alt=\"\" class=\"wp-image-76491\" srcset=\"https:\/\/elinformante.mx\/wp-content\/uploads\/2025\/02\/5clara-2-5-1024x506.jpeg 1024w, https:\/\/elinformante.mx\/wp-content\/uploads\/2025\/02\/5clara-2-5-300x148.jpeg 300w, https:\/\/elinformante.mx\/wp-content\/uploads\/2025\/02\/5clara-2-5-768x379.jpeg 768w, https:\/\/elinformante.mx\/wp-content\/uploads\/2025\/02\/5clara-2-5.jpeg 1140w\" sizes=\"(max-width: 1024px) 100vw, 1024px\" \/><\/figure>\n\n\n\n<p>La alcald\u00eda \u00c1lvaro Obreg\u00f3n es la primera de las 16 demarcaciones en la que inici\u00f3 el entrenamiento de esta disciplina deportiva rumbo a la clase masiva.<br><\/p>\n\n\n\n<p>Por su parte, el director general de Promoci\u00f3n al Deporte y Bienestar del Gobierno de M\u00e9xico, Miguel Torruco Garza, se\u00f1al\u00f3 que el pr\u00f3ximo 6 de abril ser\u00e1 el d\u00eda en que todo el pa\u00eds se unir\u00e1 bajo un mismo proyecto, que es de \u201cLa construcci\u00f3n de la Paz\u201d, a trav\u00e9s de la Clase Nacional de Boxeo, de manera simult\u00e1nea, en todos los estados de la Rep\u00fablica, iniciativa que empez\u00f3 en Iztapalapa con la actual jefa de Gobierno, Clara Brugada Molina.<br><\/p>\n\n\n\n<p>Finalmente, el alcalde en \u00c1lvaro Obreg\u00f3n, Javier L\u00f3pez Casar\u00edn, asegur\u00f3 que practicar box forja valores, como la disciplina, el respeto, la perseverancia y mantiene a las y los j\u00f3venes en un camino de paz, por ello reconoci\u00f3 a la Presidenta de la Rep\u00fablica, Claudia Sheinbaum Pardo, y a la Jefa de Gobierno, Clara Marina Brugada, quienes impulsan el deporte y en particular esta disciplina por medio de la Clase Nacional de Box.<\/p>\n","protected":false},"excerpt":{"rendered":"<p>Ante mil 200 asistentes, la mandataria destac\u00f3 la importancia de la capital del pa\u00eds como semillero de campeones en dicho deporte La jefa de Gobierno, Clara Brugada Molina, encabez\u00f3 el evento de preparaci\u00f3n para la Clase Nacional de Boxeo 2025 \u201cBoxeando por la Paz\u201d, en la alcald\u00eda \u00c1lvaro Obreg\u00f3n, donde ante mil 200 participantes, afirm\u00f3 [&hellip;]<\/p>\n","protected":false},"author":1,"featured_media":76490,"comment_status":"closed","ping_status":"closed","sticky":false,"template":"","format":"standard","meta":{"footnotes":""},"categories":[35,30],"tags":[],"class_list":["post-76489","post","type-post","status-publish","format-standard","has-post-thumbnail","hentry","category-cdmx","category-destacado"],"_links":{"self":[{"href":"https:\/\/elinformante.mx\/index.php?rest_route=\/wp\/v2\/posts\/76489","targetHints":{"allow":["GET"]}}],"collection":[{"href":"https:\/\/elinformante.mx\/index.php?rest_route=\/wp\/v2\/posts"}],"about":[{"href":"https:\/\/elinformante.mx\/index.php?rest_route=\/wp\/v2\/types\/post"}],"author":[{"embeddable":true,"href":"https:\/\/elinformante.mx\/index.php?rest_route=\/wp\/v2\/users\/1"}],"replies":[{"embeddable":true,"href":"https:\/\/elinformante.mx\/index.php?rest_route=%2Fwp%2Fv2%2Fcomments&post=76489"}],"version-history":[{"count":0,"href":"https:\/\/elinformante.mx\/index.php?rest_route=\/wp\/v2\/posts\/76489\/revisions"}],"wp:featuredmedia":[{"embeddable":true,"href":"https:\/\/elinformante.mx\/index.php?rest_route=\/wp\/v2\/media\/76490"}],"wp:attachment":[{"href":"https:\/\/elinformante.mx\/index.php?rest_route=%2Fwp%2Fv2%2Fmedia&parent=76489"}],"wp:term":[{"taxonomy":"category","embeddable":true,"href":"https:\/\/elinformante.mx\/index.php?rest_route=%2Fwp%2Fv2%2Fcategories&post=76489"},{"taxonomy":"post_tag","embeddable":true,"href":"https:\/\/elinformante.mx\/index.php?rest_route=%2Fwp%2Fv2%2Ftags&post=76489"}],"curies":[{"name":"wp","href":"https:\/\/api.w.org\/{rel}","templated":true}]}}